{"id":249482,"date":"2022-04-07T05:03:32","date_gmt":"2022-04-07T03:03:32","guid":{"rendered":"https:\/\/zjarr.tv\/?p=249482"},"modified":"2022-04-07T05:03:32","modified_gmt":"2022-04-07T03:03:32","slug":"pas-spastrimit-te-selise-blu-gjendet-nje-makineri-qe-numeron-parate-brenda-zyres-se-bashes","status":"publish","type":"post","link":"https:\/\/zjarr.tv\/en\/pas-spastrimit-te-selise-blu-gjendet-nje-makineri-qe-numeron-parate-brenda-zyres-se-bashes\/","title":{"rendered":"Pas \u201cspastrimit\u201d t\u00eb selis\u00eb blu, gjendet nj\u00eb makineri q\u00eb num\u00ebron parat\u00eb \u201cbrenda zyr\u00ebs s\u00eb Bash\u00ebs\u201d"},"content":{"rendered":"<p>Nj\u00eb makineri q\u00eb num\u00ebron parat\u00eb \u00ebsht\u00eb gjetur n\u00eb selin\u00eb e Partis\u00eb Demokratike, konkretisht thuhet n\u00eb zyr\u00ebn e ish kreut t\u00eb PD, Lulzim Basha. <\/p>\n<p>Media pran\u00eb ish-kryeministrit Sali Berisha kan\u00eb publikuar sot k\u00ebt\u00eb fotografi, ku shihet nj\u00eb makinerit\u00eb q\u00eb num\u00ebron parat\u00eb. <\/p>\n<p>Si\u00e7 raportojn\u00eb k\u00ebto media num\u00ebruesi i parave \u00ebsht\u00eb gjendur n\u00eb zyr\u00ebn e ish-kryetarit Basha dhe q\u00eb sipas tyre p\u00ebrdorej p\u00ebr t\u00eb dalluar parat\u00eb e sakta nga ato false. <\/p>\n<p>\u201cKa t\u00eb dh\u00ebna se n\u00eb zyr\u00ebn e Lulzim Bash\u00ebs hynin shuma t\u00eb m\u00ebdha parash, origjina e t\u00eb cilave mbetet mister\u201d, shkruan nj\u00eb prej portaleve pran\u00eb ish kryeministrit Berisha. <\/p>\n<p>Duket se kjo makineri \u00ebsht\u00eb gjetur pasi selia e PD u \u201cpastrua\u201d pak dit\u00eb m\u00eb par\u00eb pasi Gjykata vendosi t\u00eb njoh\u00eb Kuvendin e 11 Dhjetorit, duke njohur k\u00ebshtu Sali Berish\u00ebn me Komisionin e Rithemelimit. <\/p>\n<p>Makineria e gjetur ne selin\u00eb blu.<\/p>","protected":false},"excerpt":{"rendered":"<p>Nj\u00eb makineri q\u00eb num\u00ebron parat\u00eb \u00ebsht\u00eb gjetur n\u00eb selin\u00eb e Partis\u00eb Demokratike, konkretisht thuhet n\u00eb zyr\u00ebn e ish kreut t\u00eb PD, Lulzim Basha. Media pran\u00eb ish-kryeministrit Sali Berisha kan\u00eb publikuar sot k\u00ebt\u00eb fotografi, ku shihet nj\u00eb makinerit\u00eb q\u00eb num\u00ebron parat\u00eb. Si\u00e7 raportojn\u00eb k\u00ebto media num\u00ebruesi i parave \u00ebsht\u00eb gjendur n\u00eb zyr\u00ebn e ish-kryetarit Basha dhe [&hellip;]<\/p>\n","protected":false},"author":2031,"featured_media":249483,"comment_status":"closed","ping_status":"closed","sticky":false,"template":"","format":"standard","meta":{"footnotes":""},"categories":[241,231,235],"tags":[],"class_list":{"0":"post-249482","1":"post","2":"type-post","3":"status-publish","4":"format-standard","5":"has-post-thumbnail","7":"category-aktualitet","8":"category-lajme","9":"category-vendi"},"_links":{"self":[{"href":"https:\/\/zjarr.tv\/en\/wp-json\/wp\/v2\/posts\/249482","targetHints":{"allow":["GET"]}}],"collection":[{"href":"https:\/\/zjarr.tv\/en\/wp-json\/wp\/v2\/posts"}],"about":[{"href":"https:\/\/zjarr.tv\/en\/wp-json\/wp\/v2\/types\/post"}],"author":[{"embeddable":true,"href":"https:\/\/zjarr.tv\/en\/wp-json\/wp\/v2\/users\/2031"}],"replies":[{"embeddable":true,"href":"https:\/\/zjarr.tv\/en\/wp-json\/wp\/v2\/comments?post=249482"}],"version-history":[{"count":0,"href":"https:\/\/zjarr.tv\/en\/wp-json\/wp\/v2\/posts\/249482\/revisions"}],"wp:featuredmedia":[{"embeddable":true,"href":"https:\/\/zjarr.tv\/en\/wp-json\/wp\/v2\/media\/249483"}],"wp:attachment":[{"href":"https:\/\/zjarr.tv\/en\/wp-json\/wp\/v2\/media?parent=249482"}],"wp:term":[{"taxonomy":"category","embeddable":true,"href":"https:\/\/zjarr.tv\/en\/wp-json\/wp\/v2\/categories?post=249482"},{"taxonomy":"post_tag","embeddable":true,"href":"https:\/\/zjarr.tv\/en\/wp-json\/wp\/v2\/tags?post=249482"}],"curies":[{"name":"wp","href":"https:\/\/api.w.org\/{rel}","templated":true}]}}