{"id":249510,"date":"2022-04-07T11:13:55","date_gmt":"2022-04-07T09:13:55","guid":{"rendered":"https:\/\/zjarr.tv\/?p=249510"},"modified":"2022-04-07T11:13:55","modified_gmt":"2022-04-07T09:13:55","slug":"hani-me-pak-dhe-mendoni-me-shume-rama-poston-fjalet-e-muajit-te-ramazanit","status":"publish","type":"post","link":"https:\/\/zjarr.tv\/en\/hani-me-pak-dhe-mendoni-me-shume-rama-poston-fjalet-e-muajit-te-ramazanit\/","title":{"rendered":"\u201cHani m\u00eb pak dhe mendoni m\u00eb shum\u00eb\u201d, Rama poston \u201cfjal\u00ebt e muajit\u201d t\u00eb Ramazanit"},"content":{"rendered":"<p>Kryeministri, Edi Rama ka postuar n\u00eb rrjetin e tij social \u201cfacebook\u201d nj\u00eb shprehje p\u00ebr muajin e Ramazanit q\u00eb ka nisur n\u00eb hyrje t\u00eb Prillit.<\/p>\n<p>N\u00eb mbishkrim thuhej se n\u00eb k\u00ebt\u00eb muaj duhet t\u00eb konsumohej m\u00eb pak dhe t\u00eb mendohej m\u00eb shum\u00eb. Nuk dihet n\u00ebse Rama e ka postuar k\u00ebt\u00eb vet\u00ebm si nj\u00eb shprehje n\u00eb kuad\u00ebr t\u00eb muajit t\u00eb Ramazanit apo n\u00eb m\u00ebnyr\u00eb \u2018ironike\u201d p\u00ebr kritikuesit.<\/p>\n<p>Postimi i Plot\u00eb nga Rama:<\/p>\n<p>FJAL\u00cbT E MUAJIT<\/p>\n<p>\u201cRamazani me fjal\u00eb t\u00eb thjeshta do t\u00eb thot\u00eb t\u00eb hash m\u00eb pak dhe t\u00eb mendosh m\u00eb shum\u00eb\u201d<\/p>","protected":false},"excerpt":{"rendered":"<p>Kryeministri, Edi Rama ka postuar n\u00eb rrjetin e tij social \u201cfacebook\u201d nj\u00eb shprehje p\u00ebr muajin e Ramazanit q\u00eb ka nisur n\u00eb hyrje t\u00eb Prillit. N\u00eb mbishkrim thuhej se n\u00eb k\u00ebt\u00eb muaj duhet t\u00eb konsumohej m\u00eb pak dhe t\u00eb mendohej m\u00eb shum\u00eb. Nuk dihet n\u00ebse Rama e ka postuar k\u00ebt\u00eb vet\u00ebm si nj\u00eb shprehje n\u00eb kuad\u00ebr [&hellip;]<\/p>\n","protected":false},"author":2020,"featured_media":205747,"comment_status":"closed","ping_status":"closed","sticky":false,"template":"","format":"standard","meta":{"footnotes":""},"categories":[241,5380,231],"tags":[],"class_list":{"0":"post-249510","1":"post","2":"type-post","3":"status-publish","4":"format-standard","5":"has-post-thumbnail","7":"category-aktualitet","8":"category-kryesore","9":"category-lajme"},"_links":{"self":[{"href":"https:\/\/zjarr.tv\/en\/wp-json\/wp\/v2\/posts\/249510","targetHints":{"allow":["GET"]}}],"collection":[{"href":"https:\/\/zjarr.tv\/en\/wp-json\/wp\/v2\/posts"}],"about":[{"href":"https:\/\/zjarr.tv\/en\/wp-json\/wp\/v2\/types\/post"}],"author":[{"embeddable":true,"href":"https:\/\/zjarr.tv\/en\/wp-json\/wp\/v2\/users\/2020"}],"replies":[{"embeddable":true,"href":"https:\/\/zjarr.tv\/en\/wp-json\/wp\/v2\/comments?post=249510"}],"version-history":[{"count":0,"href":"https:\/\/zjarr.tv\/en\/wp-json\/wp\/v2\/posts\/249510\/revisions"}],"wp:featuredmedia":[{"embeddable":true,"href":"https:\/\/zjarr.tv\/en\/wp-json\/wp\/v2\/media\/205747"}],"wp:attachment":[{"href":"https:\/\/zjarr.tv\/en\/wp-json\/wp\/v2\/media?parent=249510"}],"wp:term":[{"taxonomy":"category","embeddable":true,"href":"https:\/\/zjarr.tv\/en\/wp-json\/wp\/v2\/categories?post=249510"},{"taxonomy":"post_tag","embeddable":true,"href":"https:\/\/zjarr.tv\/en\/wp-json\/wp\/v2\/tags?post=249510"}],"curies":[{"name":"wp","href":"https:\/\/api.w.org\/{rel}","templated":true}]}}