{"id":249514,"date":"2022-04-07T11:27:17","date_gmt":"2022-04-07T09:27:17","guid":{"rendered":"https:\/\/zjarr.tv\/?p=249514"},"modified":"2022-04-07T11:27:17","modified_gmt":"2022-04-07T09:27:17","slug":"qeveria-do-marre-dy-anije-qe-prodhojne-energji-altin-goxhaj-mashtrim-rama-po-na-vjedh-si-me-inceneratoret","status":"publish","type":"post","link":"https:\/\/zjarr.tv\/en\/qeveria-do-marre-dy-anije-qe-prodhojne-energji-altin-goxhaj-mashtrim-rama-po-na-vjedh-si-me-inceneratoret\/","title":{"rendered":"Qeveria do marr\u00eb dy anije q\u00eb prodhojn\u00eb energji, Altin Goxhaj: Mashtrim! Rama po na vjedh si me incenerator\u00ebt"},"content":{"rendered":"<p>Dit\u00ebn e djeshme ministrja e Infrastruktur\u00ebs dhe Energjis\u00eb Belinda Balluku tha se qeveria shqiptare ka n\u00ebnshkruar nj\u00eb kontrat\u00eb p\u00ebr t\u00eb marr\u00eb me qira dy anije q\u00eb prodhojn\u00eb energji elektrike. Balluku tha se anijet do t\u00eb vendosen n\u00eb triport, derisa t\u00eb nd\u00ebrtohet TEC-i i Vlor\u00ebs. N\u00eb lidhje me k\u00ebt\u00eb lajm, pak m\u00eb par\u00eb ka reaguar edhe avokati Altin Goxhaj.<\/p>\n<p>Me an\u00eb t\u00eb nj\u00eb postimi n\u00eb profilin e tij n\u00eb Facebook, Goxhaj ngre shum\u00eb pik\u00ebpyetje p\u00ebr k\u00ebto \u00e7entrale duke i cil\u00ebsuar si seria e dyt\u00eb e incenerator\u00ebve. Po ashtu ai shtron edhe mund\u00ebsin\u00eb e vjedhjes me \u00e7mime ekstreme t\u00eb larta si dhe ndotje. M\u00eb tej avokati thekson se anijet-\u00e7entrale q\u00eb ka porositur Rama p\u00ebrdoren ve\u00e7 n\u00eb 2 raste:<\/p>\n<p>1.kur nuk ka kushte furnizimi normal energjie (p\u00ebr shkak infrastrukturor apo fatkeq\u00ebsi natyrore, luft\u00ebra, katastrofa, nevoja lokale t\u00eb p\u00ebrkohshme industriale);<\/p>\n<p>2.kur ka munges\u00eb infrastrukture interkonjeksioni p\u00ebr ta importuar apo kushte prodhimi lokal (si psh n\u00eb vende afrikane apo ishuj t\u00eb shk\u00ebputura nga linja interkonjeksioni dhe munges\u00eb prodhimi lokal); dhe t\u00eb dyja k\u00ebto 2 raste nuk kan\u00eb asgj\u00eb t\u00eb p\u00ebrbashk\u00ebt me situat\u00ebn aktuale apo perspektive n\u00eb Shqip\u00ebri!<\/p>\n<p>Postimi i plot\u00eb i Goxhajt:<\/p>\n<p>MASHTRIMI ME ANIJET \u00c7ENTRAL T\u00cb ENERGJIS\u00cb: VJEDHJE ME \u00c7MIME EKSTREME T\u00cb LARTA DHE NDOTJE? SERIA E DYT\u00cb E ICENERATOR\u00cbVE?<\/p>\n<p>Nga Avokati Goxhaj<\/p>\n<p>5 PYETJET PARAPRAKE Q\u00cb DUHET T\u00cb B\u00cbJN\u00cb GAZETAR\u00cbT DHE POLITIKAN\u00cbT.. Mbase n\u00eb nj\u00eb univers paralel, edhe prokuror\u00ebt e a-SPAKut! Un\u00eb nuk jam ekspert energjie apo \u00e7entralesh por lexova online n\u00eb referenca mediatike t\u00eb huaja se anijet-\u00e7entrale q\u00eb ka porositur Rama p\u00ebrdoren ve\u00e7 n\u00eb 2 raste:<\/p>\n<p>1.kur nuk ka kushte furnizimi normal energjie (p\u00ebr shkak infrastrukturor apo fatkeq\u00ebsi natyrore, luft\u00ebra, katastrofa, nevoja lokale t\u00eb p\u00ebrkohshme industriale);<\/p>\n<p>2.kur ka munges\u00eb infrastrukture interkonjeksioni p\u00ebr ta importuar apo kushte prodhimi lokal (si psh n\u00eb vende afrikane apo ishuj t\u00eb shk\u00ebputura nga linja interkonjeksioni dhe munges\u00eb prodhimi lokal); dhe t\u00eb dyja k\u00ebto 2 raste nuk kan\u00eb asgj\u00eb t\u00eb p\u00ebrbashk\u00ebt me situat\u00ebn aktuale apo perspektive n\u00eb Shqip\u00ebri!<\/p>\n<p>Nd\u00ebrkoh\u00eb ky lloj prodhimi ka 2 vrima t\u00eb zeza q\u00eb e b\u00ebjn\u00eb krejt t\u00eb paleverdissh\u00ebm: kushton shum\u00eb m\u00eb shtrenjt\u00eb se ajo q\u00eb blihet jasht\u00eb kur ke interkonjeksion (Shqip\u00ebria \u00ebsht\u00eb pjes\u00eb e rrjetit europian prej dekadash). M\u00eb e keqja \u00ebsht\u00eb ndotja e tmerrshme mjedisore duke menduar edhe se ankorimi n\u00eb det paraqet rrezik t\u00eb shtuar!!!<\/p>\n<p>Tani pyetja nuk \u00ebsht\u00eb kush po na b\u00ebn badallej, por ku jan\u00eb ekspert\u00ebt e energjis\u00eb q\u00eb ta \u00e7montojn\u00eb narrativ\u00ebn e Ram\u00ebs se po na zgjidh hallin dhe jo q\u00eb po na vjedh si me icenerator\u00ebt?!<\/p>\n<p>Gazetar\u00ebt, politikan\u00ebt (mbase n\u00eb nj\u00eb univers paralel, edhe prokuror\u00ebt e a-SPAKut) do duhej t\u00eb paraqisnin k\u00ebto 5 pyetje derivate:<\/p>\n<ol>\n<li>Sa kushton n\u00eb total energjia e \u00e7entralit anije = l\u00ebnd\u00eb t\u00eb para + infrastruktur\u00eb + kosto \u00e7entrali + efekt mjedisor = ?<\/li>\n<li>Sa presupozohet do t\u00eb jet\u00eb energjia n\u00eb burs\u00eb n\u00eb t\u00eb ardhmen (anijet \u00e7entral duan 3 muaj t\u00eb instalohen sipas burimeve qeveritare) dhe kush jan\u00eb risqet q\u00eb ne t\u00eb kemi energjin\u00eb m\u00eb t\u00eb shtrenjt\u00eb n\u00eb Europ\u00eb p\u00ebr shkak t\u00eb k\u00ebtij operacioni si n\u00eb raste katastrofash?<\/li>\n<li>Sa do t\u00eb jet\u00eb impakti n\u00eb mjedis? A \u00ebsht\u00eb b\u00ebr\u00eb ndonj\u00eb studim paraprak dhe kur p\u00ebrderisa u arrit kaq shpejt n\u00eb k\u00ebt\u00eb p\u00ebrfundim se duhet sot? Apo ka pa ndonj\u00eb \u00ebnd\u00ebrr Sulltani n\u00eb Surrel dhe u vendos tak fak?<\/li>\n<li>A mos po p\u00ebrs\u00ebritet afera e icenerator\u00ebve? Mos u than\u00eb rezervuaret e hidro\u00e7entraleve q\u00eb t\u00eb justifikohej ky operacion? Kush jan\u00eb kompanit\u00eb pas k\u00ebtij operacioni?<\/li>\n<li>N\u00ebse qenk\u00ebrkan me leverdi k\u00ebto anijet \u00e7entral, cilat shtete n\u00eb Europ\u00eb i p\u00ebrdorkan (na i kurseni k\u00ebto shembujt nga Afrika apo ishuj se e kemi sqaruar m\u00eb lart)?<\/li>\n<\/ol>","protected":false},"excerpt":{"rendered":"<p>Dit\u00ebn e djeshme ministrja e Infrastruktur\u00ebs dhe Energjis\u00eb Belinda Balluku tha se qeveria shqiptare ka n\u00ebnshkruar nj\u00eb kontrat\u00eb p\u00ebr t\u00eb marr\u00eb me qira dy anije q\u00eb prodhojn\u00eb energji elektrike. Balluku tha se anijet do t\u00eb vendosen n\u00eb triport, derisa t\u00eb nd\u00ebrtohet TEC-i i Vlor\u00ebs. N\u00eb lidhje me k\u00ebt\u00eb lajm, pak m\u00eb par\u00eb ka reaguar edhe [&hellip;]<\/p>\n","protected":false},"author":2020,"featured_media":249515,"comment_status":"closed","ping_status":"closed","sticky":false,"template":"","format":"standard","meta":{"footnotes":""},"categories":[241,5380,231],"tags":[],"class_list":{"0":"post-249514","1":"post","2":"type-post","3":"status-publish","4":"format-standard","5":"has-post-thumbnail","7":"category-aktualitet","8":"category-kryesore","9":"category-lajme"},"_links":{"self":[{"href":"https:\/\/zjarr.tv\/en\/wp-json\/wp\/v2\/posts\/249514","targetHints":{"allow":["GET"]}}],"collection":[{"href":"https:\/\/zjarr.tv\/en\/wp-json\/wp\/v2\/posts"}],"about":[{"href":"https:\/\/zjarr.tv\/en\/wp-json\/wp\/v2\/types\/post"}],"author":[{"embeddable":true,"href":"https:\/\/zjarr.tv\/en\/wp-json\/wp\/v2\/users\/2020"}],"replies":[{"embeddable":true,"href":"https:\/\/zjarr.tv\/en\/wp-json\/wp\/v2\/comments?post=249514"}],"version-history":[{"count":0,"href":"https:\/\/zjarr.tv\/en\/wp-json\/wp\/v2\/posts\/249514\/revisions"}],"wp:featuredmedia":[{"embeddable":true,"href":"https:\/\/zjarr.tv\/en\/wp-json\/wp\/v2\/media\/249515"}],"wp:attachment":[{"href":"https:\/\/zjarr.tv\/en\/wp-json\/wp\/v2\/media?parent=249514"}],"wp:term":[{"taxonomy":"category","embeddable":true,"href":"https:\/\/zjarr.tv\/en\/wp-json\/wp\/v2\/categories?post=249514"},{"taxonomy":"post_tag","embeddable":true,"href":"https:\/\/zjarr.tv\/en\/wp-json\/wp\/v2\/tags?post=249514"}],"curies":[{"name":"wp","href":"https:\/\/api.w.org\/{rel}","templated":true}]}}