{"id":249517,"date":"2022-04-07T11:31:01","date_gmt":"2022-04-07T09:31:01","guid":{"rendered":"https:\/\/zjarr.tv\/?p=249517"},"modified":"2022-04-07T11:31:01","modified_gmt":"2022-04-07T09:31:01","slug":"ministrja-kushi-sfidon-deputeten-e-pd-se-jap-doreheqjen-qe-sot","status":"publish","type":"post","link":"https:\/\/zjarr.tv\/en\/ministrja-kushi-sfidon-deputeten-e-pd-se-jap-doreheqjen-qe-sot\/","title":{"rendered":"Ministrja Kushi sfidon deputeten e PD-s\u00eb: Jap dor\u00ebheqjen q\u00eb sot\u2026"},"content":{"rendered":"<p>Ministrja e Arsimit Evis Kushi ka sfiduar deputeten e PD-s\u00eb Albana Vokshi, e cila e akuzoi se ka shp\u00ebrndar\u00eb pyetjet e provimit p\u00ebr mesuesit q\u00eb do t\u00eb p\u00ebrzgjidhen si v\u00ebzhgues t\u00eb provimeve t\u00eb matur\u00ebs.<\/p>\n<p>Kushi thot\u00eb se n\u00eb rast se Vokshi arrin q\u00eb t\u00eb provoj\u00eb p\u00ebrfshirjen e saj apo stafit, ajo do t\u00eb jepte dor\u00ebheqjen si ministre.<\/p>\n<p>Reagim i Ministres Kushi:<\/p>\n<p>Sfidoj deputeten Albana Vokshi q\u00eb t\u00eb provoj\u00eb akuzat e saj n\u00eb lidhje me nd\u00ebrhyrjen time apo t\u00eb stafit tim n\u00eb procese testimi dhe vler\u00ebsimi t\u00eb m\u00ebsuesve. Un\u00eb q\u00eb sot largohem nga detyra n\u00ebse ajo i provon akuzat, por, n\u00eb t\u00eb kund\u00ebrt, deputetja do t\u00eb mbaj\u00eb p\u00ebrgjegj\u00ebsi morale dhe ligjore p\u00ebr shpifje.<\/p>\n<p>Q\u00eb sot do t\u00eb depozitoj padin\u00eb n\u00eb gjykat\u00eb. Qytetar\u00ebt nuk mund t\u00eb helmohen \u00e7do dit\u00eb me shpifje. \u00cbsht\u00eb turp dhe e pafalshme q\u00eb, p\u00ebr q\u00ebllime politike, t\u00eb shp\u00ebrdorohet besimi i qytetar\u00ebve nga karrigia e deputetit, duke sajuar akuza q\u00eb c\u00ebnojn\u00eb besueshm\u00ebrin\u00eb dhe nxitin pasiguri te m\u00ebsuesit dhe nx\u00ebn\u00ebsit p\u00ebr proceset vler\u00ebsuese n\u00eb sistemin arsimor.<\/p>\n<p>T\u00eb dashur m\u00ebsues, ne do t\u00eb vazhdojm\u00eb \u00e7do dit\u00eb t\u00eb punojm\u00eb s\u00eb bashku p\u00ebr t\u00eb p\u00ebrmir\u00ebsuar m\u00eb tej sistemin ton\u00eb arsimor, duke mos u dekurajuar nga asnj\u00eb akuz politik. T\u00eb dashur nx\u00ebn\u00ebs, ne b\u00ebjm\u00eb \u00e7do dit\u00eb e m\u00eb shum\u00eb p\u00ebrpjekje p\u00ebr t\u00eb garantuar barazi, transparenc\u00eb dhe meritokraci n\u00eb vler\u00ebsimin e arritjeve tuaja.<\/p>","protected":false},"excerpt":{"rendered":"<p>Ministrja e Arsimit Evis Kushi ka sfiduar deputeten e PD-s\u00eb Albana Vokshi, e cila e akuzoi se ka shp\u00ebrndar\u00eb pyetjet e provimit p\u00ebr mesuesit q\u00eb do t\u00eb p\u00ebrzgjidhen si v\u00ebzhgues t\u00eb provimeve t\u00eb matur\u00ebs. Kushi thot\u00eb se n\u00eb rast se Vokshi arrin q\u00eb t\u00eb provoj\u00eb p\u00ebrfshirjen e saj apo stafit, ajo do t\u00eb jepte dor\u00ebheqjen [&hellip;]<\/p>\n","protected":false},"author":2020,"featured_media":192713,"comment_status":"closed","ping_status":"closed","sticky":false,"template":"","format":"standard","meta":{"footnotes":""},"categories":[241,5380,231],"tags":[],"class_list":{"0":"post-249517","1":"post","2":"type-post","3":"status-publish","4":"format-standard","5":"has-post-thumbnail","7":"category-aktualitet","8":"category-kryesore","9":"category-lajme"},"_links":{"self":[{"href":"https:\/\/zjarr.tv\/en\/wp-json\/wp\/v2\/posts\/249517","targetHints":{"allow":["GET"]}}],"collection":[{"href":"https:\/\/zjarr.tv\/en\/wp-json\/wp\/v2\/posts"}],"about":[{"href":"https:\/\/zjarr.tv\/en\/wp-json\/wp\/v2\/types\/post"}],"author":[{"embeddable":true,"href":"https:\/\/zjarr.tv\/en\/wp-json\/wp\/v2\/users\/2020"}],"replies":[{"embeddable":true,"href":"https:\/\/zjarr.tv\/en\/wp-json\/wp\/v2\/comments?post=249517"}],"version-history":[{"count":0,"href":"https:\/\/zjarr.tv\/en\/wp-json\/wp\/v2\/posts\/249517\/revisions"}],"wp:featuredmedia":[{"embeddable":true,"href":"https:\/\/zjarr.tv\/en\/wp-json\/wp\/v2\/media\/192713"}],"wp:attachment":[{"href":"https:\/\/zjarr.tv\/en\/wp-json\/wp\/v2\/media?parent=249517"}],"wp:term":[{"taxonomy":"category","embeddable":true,"href":"https:\/\/zjarr.tv\/en\/wp-json\/wp\/v2\/categories?post=249517"},{"taxonomy":"post_tag","embeddable":true,"href":"https:\/\/zjarr.tv\/en\/wp-json\/wp\/v2\/tags?post=249517"}],"curies":[{"name":"wp","href":"https:\/\/api.w.org\/{rel}","templated":true}]}}