{"id":249534,"date":"2022-04-07T12:00:41","date_gmt":"2022-04-07T10:00:41","guid":{"rendered":"https:\/\/zjarr.tv\/?p=249534"},"modified":"2022-04-07T12:00:41","modified_gmt":"2022-04-07T10:00:41","slug":"pd-duhet-te-lere-pas-te-shkuaren-mertiri-flet-per-krizen-politike","status":"publish","type":"post","link":"https:\/\/zjarr.tv\/en\/pd-duhet-te-lere-pas-te-shkuaren-mertiri-flet-per-krizen-politike\/","title":{"rendered":"\u201cPD duhet t\u00eb l\u00ebr\u00eb pas t\u00eb shkuar\u00ebn\u201d, M\u00ebrtiri flet p\u00ebr kriz\u00ebn politike"},"content":{"rendered":"<p>Analisti Ergys M\u00ebrtiri ka komentuar dit\u00ebn e sotme situat\u00ebn e v\u00ebshtir\u00eb q\u00eb po p\u00ebrjeton opozita shqiptare p\u00ebr shkak t\u00eb p\u00ebr\u00e7arjes s\u00eb PS-s\u00eb. M\u00ebrtiri thot\u00eb se PD-ja duhet t\u00eb l\u00ebr\u00eb pas t\u00eb shkuar\u00ebn dhe brenda saj t\u00eb lind\u00eb at\u00eb q\u00eb ai e quan \u201cembrioni i ri\u201d q\u00eb do t\u2019i jap\u00eb shpres\u00eb shqiptar\u00ebve por duke larguar \u201cxhaketat e vjetra\u201d q\u00eb jan\u00eb konsumuar k\u00ebto 30 vite tranzicioni. N\u00eb t\u00eb kund\u00ebrt sipas M\u00ebrtirit, PD-ja rrezikon t\u00eb b\u00ebj\u00eb vet\u00ebvrasje politike duke u zhdukur si parti opozitare.<\/p>\n<p>\u201cMbyllja e nj\u00eb cikli \u00ebsht\u00eb m\u00eb shum\u00eb si nj\u00eb rezistenc\u00eb e nj\u00eb cikli p\u00ebr t\u00eb mos u mbyllur. Nj\u00eb p\u00ebrpjekje e \u201cXhaketave t\u00eb vjetrave\u201d t\u00eb konsumuar si\u00e7 jan\u00eb personat q\u00eb po p\u00ebrmendim, q\u00eb nuk duan t\u00eb l\u00ebshojn\u00eb karrigen. Berisha ka 30 vite q\u00eb nuk e l\u00ebshon karrigen por nuk e kuptoj \u00e7far\u00eb po k\u00ebrkon ai pasi ka fituar dhe ka b\u00ebr\u00eb t\u00eb gjitha dhe rrezikon q\u00eb gjith\u00eb historin\u00eb t\u00ebnde ta njollos\u00ebsh me at\u00eb q\u00eb b\u00ebn tani. Gjithashtu \u00ebsht\u00eb nj\u00eb eskort\u00eb njer\u00ebzit q\u00eb shoq\u00ebrojn\u00eb Berish\u00ebn pasi kan\u00eb dekada n\u00eb politik\u00eb dhe \u00ebsht\u00eb shum\u00eb q\u00eb ata kan\u00eb qen\u00eb aty dhe vazhdojn\u00eb t\u00eb jen\u00eb aty. Ka nj\u00eb p\u00ebrpjekje t\u00eb shoq\u00ebris\u00eb p\u00ebr t\u00eb mos pranuar k\u00ebt\u00eb tranzicion 30-vjecar. Basha ka probleme pasi ai p\u00ebrfaq\u00ebson t\u00eb vjetr\u00ebn por ai ka nj\u00eb vullnet p\u00ebr t\u00eb b\u00ebr\u00eb di\u00e7ka ndryshe. Midis t\u00eb vjetr\u00ebs dhe ata q\u00eb k\u00ebrkojn\u00eb t\u00eb p\u00ebrmbysin t\u00eb vjetr\u00ebn un\u00eb jam me ata q\u00eb duan ta p\u00ebrmbysin t\u00eb vjetr\u00ebn p\u00ebr t\u00eb shp\u00ebtuar nga t\u00eb vjetrit.<\/p>\n<p>Un\u00eb mendoj se \u00ebsht\u00eb domosdoshm\u00ebri p\u00ebr opozit\u00ebn q\u00eb t\u00eb transformohet. Nuk mund t\u00eb vish n\u00eb pushtet duke k\u00ebmb\u00ebngulur n\u00eb fanatiz\u00ebm ashtu si\u00e7 je. N\u00eb 2013 je nd\u00ebshkuar me 1 milion vota kondor, ky model politik. Ti nuk mund t\u00eb k\u00ebrkosh t\u00eb vish n\u00eb pushtet n\u00eb modelin q\u00eb isha dikur p\u00ebr shkak se Rama doli i keq. Kjo e shkat\u00ebrron PD-n\u00eb dhe duhet t\u00eb reformohet dhe koha ka ndryshuar. Partia politike n\u00ebse duhet t\u00eb mbijetoj\u00eb dhe t\u00eb q\u00ebndrojn\u00eb duhet ti p\u00ebrgjigjet realiteteve t\u00eb reja.<\/p>\n<p>Ne rrezikojm\u00eb q\u00eb n\u00ebse kjo parti zhduket at\u00ebher\u00eb ky pushtet q\u00eb sot \u00ebsht\u00eb autokratik n\u00eb nivel t\u00eb friksh\u00ebm jo t\u00eb vog\u00ebl, ky do t\u00eb konsolidohet plot\u00ebsisht dhe ky nuk do t\u00eb lejoj\u00eb asnj\u00eb embrion q\u00eb t\u00eb lind\u00eb. Nj\u00eb parti e vog\u00ebl \u00ebsht\u00eb e leht\u00eb ta vras\u00ebsh prandaj kjo \u00ebsht\u00eb pengmarrja q\u00eb na ka b\u00ebr\u00eb kjo klas\u00eb politike q\u00eb kemi mbetur p\u00ebr 30 vite. Ky \u00ebsht\u00eb realiteti. N\u00eb k\u00ebto kushte un\u00eb do t\u00eb doja q\u00eb ky embrioni i ri t\u00eb lind\u00eb brenda forc\u00ebs ekzistuese p\u00ebr shkak se e ka shtratin e mbrojtur. Por si\u00e7 po shkojn\u00eb gj\u00ebrat ata po shkojn\u00eb drejt vet\u00ebvrasjes politike duke shkat\u00ebrruar PD-n\u00eb, tha M\u00ebrtiri.<\/p>","protected":false},"excerpt":{"rendered":"<p>Analisti Ergys M\u00ebrtiri ka komentuar dit\u00ebn e sotme situat\u00ebn e v\u00ebshtir\u00eb q\u00eb po p\u00ebrjeton opozita shqiptare p\u00ebr shkak t\u00eb p\u00ebr\u00e7arjes s\u00eb PS-s\u00eb. M\u00ebrtiri thot\u00eb se PD-ja duhet t\u00eb l\u00ebr\u00eb pas t\u00eb shkuar\u00ebn dhe brenda saj t\u00eb lind\u00eb at\u00eb q\u00eb ai e quan \u201cembrioni i ri\u201d q\u00eb do t\u2019i jap\u00eb shpres\u00eb shqiptar\u00ebve por duke larguar \u201cxhaketat [&hellip;]<\/p>\n","protected":false},"author":2020,"featured_media":249535,"comment_status":"closed","ping_status":"closed","sticky":false,"template":"","format":"standard","meta":{"footnotes":""},"categories":[241,5380,231],"tags":[],"class_list":{"0":"post-249534","1":"post","2":"type-post","3":"status-publish","4":"format-standard","5":"has-post-thumbnail","7":"category-aktualitet","8":"category-kryesore","9":"category-lajme"},"_links":{"self":[{"href":"https:\/\/zjarr.tv\/en\/wp-json\/wp\/v2\/posts\/249534","targetHints":{"allow":["GET"]}}],"collection":[{"href":"https:\/\/zjarr.tv\/en\/wp-json\/wp\/v2\/posts"}],"about":[{"href":"https:\/\/zjarr.tv\/en\/wp-json\/wp\/v2\/types\/post"}],"author":[{"embeddable":true,"href":"https:\/\/zjarr.tv\/en\/wp-json\/wp\/v2\/users\/2020"}],"replies":[{"embeddable":true,"href":"https:\/\/zjarr.tv\/en\/wp-json\/wp\/v2\/comments?post=249534"}],"version-history":[{"count":0,"href":"https:\/\/zjarr.tv\/en\/wp-json\/wp\/v2\/posts\/249534\/revisions"}],"wp:featuredmedia":[{"embeddable":true,"href":"https:\/\/zjarr.tv\/en\/wp-json\/wp\/v2\/media\/249535"}],"wp:attachment":[{"href":"https:\/\/zjarr.tv\/en\/wp-json\/wp\/v2\/media?parent=249534"}],"wp:term":[{"taxonomy":"category","embeddable":true,"href":"https:\/\/zjarr.tv\/en\/wp-json\/wp\/v2\/categories?post=249534"},{"taxonomy":"post_tag","embeddable":true,"href":"https:\/\/zjarr.tv\/en\/wp-json\/wp\/v2\/tags?post=249534"}],"curies":[{"name":"wp","href":"https:\/\/api.w.org\/{rel}","templated":true}]}}