{"id":249537,"date":"2022-04-07T12:25:39","date_gmt":"2022-04-07T10:25:39","guid":{"rendered":"https:\/\/zjarr.tv\/?p=249537"},"modified":"2022-04-07T12:25:39","modified_gmt":"2022-04-07T10:25:39","slug":"tha-se-i-kishin-falsifikuar-firmen-per-nje-pagese-48-mije-euroshe-shkarkohet-prokurorja","status":"publish","type":"post","link":"https:\/\/zjarr.tv\/en\/tha-se-i-kishin-falsifikuar-firmen-per-nje-pagese-48-mije-euroshe-shkarkohet-prokurorja\/","title":{"rendered":"Tha se i kishin falsifikuar firm\u00ebn p\u00ebr nj\u00eb pages\u00eb 48 mij\u00eb euroshe, shkarkohet prokurorja"},"content":{"rendered":"<p>Komisioni i Pavarur i Kaluafikimit njoftoi t\u00eb enjten se kishte vendosur shkarkimin e prokurores s\u00eb Tiran\u00ebs Eriselda Bala, pas hetimit n\u00eb t\u00eb tri kriteret e rivler\u00ebsimit.<\/p>\n<p>Kryesuesja e trup\u00ebs Suela Zhegu tha se vendimi i shkarkimit ishte marr\u00eb me shumic\u00eb votash. Ve\u00e7 Zhegut n\u00eb trup\u00ebn q\u00eb hetoi Bal\u00ebn ishin Brunilda Bekteshi relatore dhe Firdes Shuli an\u00ebtare.<\/p>\n<p>Bala u hetua n\u00eb t\u00eb tre kriteret, por gjat\u00eb seanc\u00ebs d\u00ebgjimore Komisioni i Pavarur i Kualifikimit u fokusua n\u00eb kriterin e pasuris\u00eb. Bal\u00ebs iu k\u00ebrkuan shpjegime n\u00eb lidhje me nj\u00eb pages\u00eb 48 mij\u00eb euro p\u00ebrmes bank\u00ebs, p\u00ebr t\u00eb cil\u00ebn prokurorja tha se ishte falsifikuar firma e saj n\u00eb fatur\u00ebn e pages\u00ebs.<\/p>\n<p>Po ashtu asaj iu k\u00ebrkuan shpjegime mbi 2 milion lek\u00eb t\u00eb ardhura nga familja e bashk\u00ebshortit dhe nj\u00eb dhurat\u00eb 1 milion lek\u00eb nga gjysh\u00ebrit e saj.<\/p>\n<p>Bala e ka filluar karrier\u00ebn si magjistrate n\u00eb Prokurorin\u00eb e Rrethit Gjyq\u00ebsor Vlor\u00eb n\u00eb vitin 2008 dhe nj\u00eb vit m\u00eb von\u00eb \u00ebsht\u00eb transferuar n\u00eb Prokurorin\u00eb e Rrethit Gjyq\u00ebsor Pogradec. N\u00eb vitin 2015 ajo \u00ebsht\u00eb em\u00ebruar si prokurore n\u00eb Prokurorin\u00eb e Rrethit Gjyq\u00ebsor Tiran\u00eb.<\/p>","protected":false},"excerpt":{"rendered":"<p>Komisioni i Pavarur i Kaluafikimit njoftoi t\u00eb enjten se kishte vendosur shkarkimin e prokurores s\u00eb Tiran\u00ebs Eriselda Bala, pas hetimit n\u00eb t\u00eb tri kriteret e rivler\u00ebsimit. Kryesuesja e trup\u00ebs Suela Zhegu tha se vendimi i shkarkimit ishte marr\u00eb me shumic\u00eb votash. Ve\u00e7 Zhegut n\u00eb trup\u00ebn q\u00eb hetoi Bal\u00ebn ishin Brunilda Bekteshi relatore dhe Firdes Shuli [&hellip;]<\/p>\n","protected":false},"author":2020,"featured_media":249538,"comment_status":"closed","ping_status":"closed","sticky":false,"template":"","format":"standard","meta":{"footnotes":""},"categories":[241,5380,231],"tags":[],"class_list":{"0":"post-249537","1":"post","2":"type-post","3":"status-publish","4":"format-standard","5":"has-post-thumbnail","7":"category-aktualitet","8":"category-kryesore","9":"category-lajme"},"_links":{"self":[{"href":"https:\/\/zjarr.tv\/en\/wp-json\/wp\/v2\/posts\/249537","targetHints":{"allow":["GET"]}}],"collection":[{"href":"https:\/\/zjarr.tv\/en\/wp-json\/wp\/v2\/posts"}],"about":[{"href":"https:\/\/zjarr.tv\/en\/wp-json\/wp\/v2\/types\/post"}],"author":[{"embeddable":true,"href":"https:\/\/zjarr.tv\/en\/wp-json\/wp\/v2\/users\/2020"}],"replies":[{"embeddable":true,"href":"https:\/\/zjarr.tv\/en\/wp-json\/wp\/v2\/comments?post=249537"}],"version-history":[{"count":0,"href":"https:\/\/zjarr.tv\/en\/wp-json\/wp\/v2\/posts\/249537\/revisions"}],"wp:featuredmedia":[{"embeddable":true,"href":"https:\/\/zjarr.tv\/en\/wp-json\/wp\/v2\/media\/249538"}],"wp:attachment":[{"href":"https:\/\/zjarr.tv\/en\/wp-json\/wp\/v2\/media?parent=249537"}],"wp:term":[{"taxonomy":"category","embeddable":true,"href":"https:\/\/zjarr.tv\/en\/wp-json\/wp\/v2\/categories?post=249537"},{"taxonomy":"post_tag","embeddable":true,"href":"https:\/\/zjarr.tv\/en\/wp-json\/wp\/v2\/tags?post=249537"}],"curies":[{"name":"wp","href":"https:\/\/api.w.org\/{rel}","templated":true}]}}