{"id":249548,"date":"2022-04-07T12:58:03","date_gmt":"2022-04-07T10:58:03","guid":{"rendered":"https:\/\/zjarr.tv\/?p=249548"},"modified":"2022-04-07T12:58:03","modified_gmt":"2022-04-07T10:58:03","slug":"rama-ben-gati-legalizimin-e-kanabisit-si-u-perdor-keshillimi-kombetar","status":"publish","type":"post","link":"https:\/\/zjarr.tv\/en\/rama-ben-gati-legalizimin-e-kanabisit-si-u-perdor-keshillimi-kombetar\/","title":{"rendered":"Rama b\u00ebn gati legalizimin e kanabisit\/ Si u p\u00ebrdor K\u00ebshillimi Komb\u00ebtar"},"content":{"rendered":"<p>Ajo q\u00eb ishte parashikuar q\u00eb n\u00eb fillim, u b\u00eb realitet.<\/p>\n<p>K\u00ebshillimi Komb\u00ebtar, nj\u00eb nism\u00eb e d\u00ebshtuar me pjes\u00ebmarrje katastrofike, do p\u00ebrdorej nga kryeministri Edi Rama p\u00ebr axhend\u00ebn e tij.<\/p>\n<p>Sot Rama publikoi rezultatet e k\u00ebtij k\u00ebshillimi, ku spikat &#8216;miratimi&#8217; i shqiptar\u00ebve p\u00ebr legalizimin e kanabisit<\/p>\n<p>Drejtoresha e Agjencis\u00eb p\u00ebr Dialog dhe Bashk\u00ebqeverisje, Eridana Cano, deklaroi se 61 % e personave q\u00eb kan\u00eb plot\u00ebsuar formular\u00ebt e K\u00ebshillimit Komb\u00ebtar i jan\u00eb p\u00ebrgjigjur pozitisht pyetjes: Shqip\u00ebria duhet t\u00eb lejoj\u00eb kultivimin, p\u00ebrpunimin dhe eksportimin e kontrolluar nga shteti t\u00eb kanabisit.<\/p>\n<p>Kurse Rama e b\u00ebri fakt t\u00eb kryer legalizimin e kanabisit. Kreu i qeveris\u00eb e vler\u00ebsoi si pozitiv procesin dhe u angazhua se &#8220;opinioni i qytetar\u00ebve tashm\u00eb do t\u00eb kthehet nga K\u00ebshilli i Ministrave n\u00eb nj\u00eb plan zbatimi&#8221;.<\/p>","protected":false},"excerpt":{"rendered":"<p>Ajo q\u00eb ishte parashikuar q\u00eb n\u00eb fillim, u b\u00eb realitet. K\u00ebshillimi Komb\u00ebtar, nj\u00eb nism\u00eb e d\u00ebshtuar me pjes\u00ebmarrje katastrofike, do p\u00ebrdorej nga kryeministri Edi Rama p\u00ebr axhend\u00ebn e tij. Sot Rama publikoi rezultatet e k\u00ebtij k\u00ebshillimi, ku spikat &#8216;miratimi&#8217; i shqiptar\u00ebve p\u00ebr legalizimin e kanabisit Drejtoresha e Agjencis\u00eb p\u00ebr Dialog dhe Bashk\u00ebqeverisje, Eridana Cano, deklaroi [&hellip;]<\/p>\n","protected":false},"author":2020,"featured_media":249549,"comment_status":"closed","ping_status":"closed","sticky":false,"template":"","format":"standard","meta":{"footnotes":""},"categories":[241,5380,231],"tags":[],"class_list":{"0":"post-249548","1":"post","2":"type-post","3":"status-publish","4":"format-standard","5":"has-post-thumbnail","7":"category-aktualitet","8":"category-kryesore","9":"category-lajme"},"_links":{"self":[{"href":"https:\/\/zjarr.tv\/en\/wp-json\/wp\/v2\/posts\/249548","targetHints":{"allow":["GET"]}}],"collection":[{"href":"https:\/\/zjarr.tv\/en\/wp-json\/wp\/v2\/posts"}],"about":[{"href":"https:\/\/zjarr.tv\/en\/wp-json\/wp\/v2\/types\/post"}],"author":[{"embeddable":true,"href":"https:\/\/zjarr.tv\/en\/wp-json\/wp\/v2\/users\/2020"}],"replies":[{"embeddable":true,"href":"https:\/\/zjarr.tv\/en\/wp-json\/wp\/v2\/comments?post=249548"}],"version-history":[{"count":0,"href":"https:\/\/zjarr.tv\/en\/wp-json\/wp\/v2\/posts\/249548\/revisions"}],"wp:featuredmedia":[{"embeddable":true,"href":"https:\/\/zjarr.tv\/en\/wp-json\/wp\/v2\/media\/249549"}],"wp:attachment":[{"href":"https:\/\/zjarr.tv\/en\/wp-json\/wp\/v2\/media?parent=249548"}],"wp:term":[{"taxonomy":"category","embeddable":true,"href":"https:\/\/zjarr.tv\/en\/wp-json\/wp\/v2\/categories?post=249548"},{"taxonomy":"post_tag","embeddable":true,"href":"https:\/\/zjarr.tv\/en\/wp-json\/wp\/v2\/tags?post=249548"}],"curies":[{"name":"wp","href":"https:\/\/api.w.org\/{rel}","templated":true}]}}