{"id":249551,"date":"2022-04-07T13:10:30","date_gmt":"2022-04-07T11:10:30","guid":{"rendered":"https:\/\/zjarr.tv\/?p=249551"},"modified":"2022-04-07T13:10:30","modified_gmt":"2022-04-07T11:10:30","slug":"neser-protesta-kalaja-denoncon-erion-veliaj-po-sjell-njerez-per-ta-percare-protesten","status":"publish","type":"post","link":"https:\/\/zjarr.tv\/en\/neser-protesta-kalaja-denoncon-erion-veliaj-po-sjell-njerez-per-ta-percare-protesten\/","title":{"rendered":"Nes\u00ebr protesta\/ Kalaja denoncon: Erion Veliaj po sjell njer\u00ebz p\u00ebr ta p\u00ebr\u00e7ar\u00eb protest\u00ebn"},"content":{"rendered":"<p>Nga Adriana Kalaja<\/p>\n<p>DENONCIM:<\/p>\n<p>Kam njoftuar m\u00eb rrjetet sociale dhe pran\u00eb Komisiaristit Nr.3 mbajtjen e nj\u00eb tubimi qytetar kund\u00ebr diskriminimit krahinor dhe shkat\u00ebrrmit t\u00eb Sistemit t\u00eb Drejt\u00ebsis\u00eb.<\/p>\n<p>Kjo gj\u00eb e ka turbulluar Sorosin dhe sh\u00ebrb\u00ebtor\u00ebt e tij dhe, \u00e7udit\u00ebrisht, me metoda t\u00eb sigurimit t\u00eb shtetit, organizojn\u00eb n\u00eb t\u00eb nj\u00ebjt\u00ebn dit\u00eb dhe or\u00eb, protest\u00eb p\u00ebr Ukrain\u00ebn, aq m\u00eb shum\u00eb pas 52 dit\u00eb luftimesh.<\/p>\n<p>Fakti q\u00eb protesta organizohet nga Erion Veliaj duke urdh\u00ebruar administrat\u00ebn t\u00eb dal\u00eb n\u00eb shesh, atij q\u00eb po b\u00ebn \u00e7do p\u00ebrpjekje t\u00eb kap\u00eb Sistenin e Drejt\u00ebsis\u00eb, tregon sesa e ka trembur tubimi qytetar q\u00eb do zhvillohet nes\u00ebr n\u00eb or\u00ebn 12.00 p\u00ebrpara Komisionit t\u00eb Posa\u00e7\u00ebm t\u00eb Kualifikimit.<\/p>\n<p>Besoj se gj\u00ebrat jan\u00eb shum\u00eb t\u00eb qarta se kjo gj\u00eb b\u00ebhet p\u00ebr t\u00eb konfuduar publikun dhe se pse dhe nga kush shuhet dhe p\u00ebr\u00e7ahet \u00e7do protest\u00eb.<\/p>\n<p>Nuk kam asgje lidhur me solidarizimin p\u00ebr Ukrain\u00ebn, por un\u00eb m\u00eb shum\u00eb dua SHQIP\u00cbRIN\u00cb.<\/p>\n<p>Ndaj nes\u00ebr duhet t\u00eb b\u00ebhemi bashk\u00eb p\u00ebr f\u00ebmij\u00ebt, familjet dhe Shqip\u00ebrin\u00eb.<\/p>\n<p>Bojkotoni protesta me regji dhe sponsorizim t\u00eb regjimit.<\/p>\n<p>Shp\u00ebrndajeni sa m\u00eb shum\u00eb.<\/p>","protected":false},"excerpt":{"rendered":"<p>Nga Adriana Kalaja DENONCIM: Kam njoftuar m\u00eb rrjetet sociale dhe pran\u00eb Komisiaristit Nr.3 mbajtjen e nj\u00eb tubimi qytetar kund\u00ebr diskriminimit krahinor dhe shkat\u00ebrrmit t\u00eb Sistemit t\u00eb Drejt\u00ebsis\u00eb. Kjo gj\u00eb e ka turbulluar Sorosin dhe sh\u00ebrb\u00ebtor\u00ebt e tij dhe, \u00e7udit\u00ebrisht, me metoda t\u00eb sigurimit t\u00eb shtetit, organizojn\u00eb n\u00eb t\u00eb nj\u00ebjt\u00ebn dit\u00eb dhe or\u00eb, protest\u00eb p\u00ebr Ukrain\u00ebn, [&hellip;]<\/p>\n","protected":false},"author":2020,"featured_media":249552,"comment_status":"closed","ping_status":"closed","sticky":false,"template":"","format":"standard","meta":{"footnotes":""},"categories":[241,5380,231],"tags":[],"class_list":{"0":"post-249551","1":"post","2":"type-post","3":"status-publish","4":"format-standard","5":"has-post-thumbnail","7":"category-aktualitet","8":"category-kryesore","9":"category-lajme"},"_links":{"self":[{"href":"https:\/\/zjarr.tv\/en\/wp-json\/wp\/v2\/posts\/249551","targetHints":{"allow":["GET"]}}],"collection":[{"href":"https:\/\/zjarr.tv\/en\/wp-json\/wp\/v2\/posts"}],"about":[{"href":"https:\/\/zjarr.tv\/en\/wp-json\/wp\/v2\/types\/post"}],"author":[{"embeddable":true,"href":"https:\/\/zjarr.tv\/en\/wp-json\/wp\/v2\/users\/2020"}],"replies":[{"embeddable":true,"href":"https:\/\/zjarr.tv\/en\/wp-json\/wp\/v2\/comments?post=249551"}],"version-history":[{"count":0,"href":"https:\/\/zjarr.tv\/en\/wp-json\/wp\/v2\/posts\/249551\/revisions"}],"wp:featuredmedia":[{"embeddable":true,"href":"https:\/\/zjarr.tv\/en\/wp-json\/wp\/v2\/media\/249552"}],"wp:attachment":[{"href":"https:\/\/zjarr.tv\/en\/wp-json\/wp\/v2\/media?parent=249551"}],"wp:term":[{"taxonomy":"category","embeddable":true,"href":"https:\/\/zjarr.tv\/en\/wp-json\/wp\/v2\/categories?post=249551"},{"taxonomy":"post_tag","embeddable":true,"href":"https:\/\/zjarr.tv\/en\/wp-json\/wp\/v2\/tags?post=249551"}],"curies":[{"name":"wp","href":"https:\/\/api.w.org\/{rel}","templated":true}]}}