{"id":249557,"date":"2022-04-07T13:27:42","date_gmt":"2022-04-07T11:27:42","guid":{"rendered":"https:\/\/zjarr.tv\/?p=249557"},"modified":"2022-04-07T13:27:42","modified_gmt":"2022-04-07T11:27:42","slug":"rama-kercenon-me-riedukim-gazetaret-qe-i-kthejne-fjalen-zgjedh-kryetaren-e-shoqates-qe-do-monitoroje-paktin","status":"publish","type":"post","link":"https:\/\/zjarr.tv\/en\/rama-kercenon-me-riedukim-gazetaret-qe-i-kthejne-fjalen-zgjedh-kryetaren-e-shoqates-qe-do-monitoroje-paktin\/","title":{"rendered":"Rama \u2018k\u00ebrc\u00ebnon\u2019 me riedukim gazetar\u00ebt q\u00eb i kthejn\u00eb fjal\u00ebn: Zgjedh kryetaren e shoqat\u00ebs q\u00eb do monitoroj\u00eb \u2018paktin\u2019"},"content":{"rendered":"<p>Kryeministri Edi Rama zhvilloi sot nj\u00eb konferenc\u00eb me gazetar\u00ebt, ku prezantoi rezultatet e K\u00ebshillimit Komb\u00ebtar, proces i cili sipas tij do t\u00eb zgjidh\u00eb dilemat e qeveris\u00eb p\u00ebr vendimmarrjen e s\u00eb ardhmes. Edhe n\u00eb konferenc\u00ebn ku gazetar\u00ebt e d\u00ebgjuan p\u00ebr m\u00eb shum\u00eb se nj\u00eb or\u00eb, Rama nuk i kurseu sulmet ndaj tyre.<\/p>\n<p>Fillimisht Rama e quajti dashakeq\u00ebse pyetjen e gazetares Blerina Gjoka, se pse qeveria shqiptare vazhdon t\u00eb paguaj\u00eb para p\u00ebr incenerator\u00ebt q\u00eb jan\u00eb duke u hetuar nga SPAK, dhe kan\u00eb \u00e7uar n\u00eb dhjetra arrestime, nd\u00ebrsa m\u00eb pas tentoi t\u00eb diktonte edhe trajtimet e lajmeve nga ana e tyre.<\/p>\n<p>Rama \u2018shpalli\u2019 gazetaren Elia Zotka si kryetaren e shoqat\u00ebs s\u00eb gazetar\u00ebve, t\u00eb cil\u00ebs i k\u00ebrkoi q\u00eb t\u00eb monitoronte t\u00eb tjer\u00ebt, pasi n\u00eb t\u00eb kund\u00ebrt do ti d\u00ebrgonte edhe ata n\u00eb riedukim si\u00e7 ka b\u00ebr\u00eb m\u00eb gazetaren Ambrozia Meta, t\u00eb cil\u00ebs i ka ndaluar p\u00ebr 60 dit\u00eb q\u00eb t\u00eb futet qoft\u00eb n\u00eb ambientet e kryeministris\u00eb, qoft\u00eb n\u00eb selin\u00eb e PS-s\u00eb.<\/p>\n<p>Shkak p\u00ebr k\u00ebt\u00eb u b\u00eb diskutimi n\u00eb lidhje me krijimin e nj\u00eb \u2018grupi parlamentar t\u00eb PS-s\u00eb brenda burgut\u2019.<\/p>\n<p>Rama paralajm\u00ebroi se i nj\u00ebjti fat mund t\u00eb ndjek\u00eb edhe gazetar\u00ebt q\u00eb prishin paktin, ose e th\u00ebn\u00eb hapur, ata gazetar\u00eb q\u00eb nuk i binden vullnetit t\u00eb kryeministrit.<\/p>\n<p>\u201cShum\u00eb faleminderit t\u00eb gjith\u00ebve, edhe ti si kryetare e sindikat\u00ebs, do t\u00eb monitorosh gjith\u00eb t\u00eb tjer\u00ebt q\u00eb ti q\u00ebndrojn\u00eb paktin. Nj\u00eb merak kam me ty, q\u00eb t\u00eb mos hysh edhe ti n\u00eb riedukim\u201d, tha Rama n\u00eb konferenc\u00eb me gazetar\u00ebt.<\/p>\n<p>Tendencat e Ram\u00ebs p\u00ebr t\u00eb intimiduar gazetar\u00ebt kan\u00eb qen\u00eb t\u00eb dukshme, favorizuar k\u00ebtu edhe nga fakti se n\u00eb Shqip\u00ebri mungojn\u00eb shoqatat p\u00ebr lirin\u00eb e medias, dhe ato q\u00eb jan\u00eb shpesh jan\u00eb t\u00eb pafuqishme p\u00ebr t\u00eb ngritur z\u00ebrin.<\/p>\n<p>Liria e mediave n\u00eb Shqip\u00ebri \u00ebsht\u00eb par\u00eb me shqet\u00ebsim edhe nga BE, duke e p\u00ebrcaktuar dhe si nj\u00eb kusht p\u00ebr qeverin\u00eb Rama p\u00ebr procesin e integrimit t\u00eb vendit. Mandati i tret\u00eb e shfaqi Ram\u00ebn m\u00eb t\u00eb but\u00eb, por premtimi i tij p\u00ebr t\u00eb pasur nj\u00eb sjellje korrekte me gazetar\u00ebt duket se u shua shpejt, ende pa u mbushur viti.<\/p>","protected":false},"excerpt":{"rendered":"<p>Kryeministri Edi Rama zhvilloi sot nj\u00eb konferenc\u00eb me gazetar\u00ebt, ku prezantoi rezultatet e K\u00ebshillimit Komb\u00ebtar, proces i cili sipas tij do t\u00eb zgjidh\u00eb dilemat e qeveris\u00eb p\u00ebr vendimmarrjen e s\u00eb ardhmes. Edhe n\u00eb konferenc\u00ebn ku gazetar\u00ebt e d\u00ebgjuan p\u00ebr m\u00eb shum\u00eb se nj\u00eb or\u00eb, Rama nuk i kurseu sulmet ndaj tyre. Fillimisht Rama e quajti [&hellip;]<\/p>\n","protected":false},"author":2020,"featured_media":249558,"comment_status":"closed","ping_status":"closed","sticky":false,"template":"","format":"standard","meta":{"footnotes":""},"categories":[241,5380,231],"tags":[],"class_list":{"0":"post-249557","1":"post","2":"type-post","3":"status-publish","4":"format-standard","5":"has-post-thumbnail","7":"category-aktualitet","8":"category-kryesore","9":"category-lajme"},"_links":{"self":[{"href":"https:\/\/zjarr.tv\/en\/wp-json\/wp\/v2\/posts\/249557","targetHints":{"allow":["GET"]}}],"collection":[{"href":"https:\/\/zjarr.tv\/en\/wp-json\/wp\/v2\/posts"}],"about":[{"href":"https:\/\/zjarr.tv\/en\/wp-json\/wp\/v2\/types\/post"}],"author":[{"embeddable":true,"href":"https:\/\/zjarr.tv\/en\/wp-json\/wp\/v2\/users\/2020"}],"replies":[{"embeddable":true,"href":"https:\/\/zjarr.tv\/en\/wp-json\/wp\/v2\/comments?post=249557"}],"version-history":[{"count":0,"href":"https:\/\/zjarr.tv\/en\/wp-json\/wp\/v2\/posts\/249557\/revisions"}],"wp:featuredmedia":[{"embeddable":true,"href":"https:\/\/zjarr.tv\/en\/wp-json\/wp\/v2\/media\/249558"}],"wp:attachment":[{"href":"https:\/\/zjarr.tv\/en\/wp-json\/wp\/v2\/media?parent=249557"}],"wp:term":[{"taxonomy":"category","embeddable":true,"href":"https:\/\/zjarr.tv\/en\/wp-json\/wp\/v2\/categories?post=249557"},{"taxonomy":"post_tag","embeddable":true,"href":"https:\/\/zjarr.tv\/en\/wp-json\/wp\/v2\/tags?post=249557"}],"curies":[{"name":"wp","href":"https:\/\/api.w.org\/{rel}","templated":true}]}}