{"id":249560,"date":"2022-04-07T13:32:48","date_gmt":"2022-04-07T11:32:48","guid":{"rendered":"https:\/\/zjarr.tv\/?p=249560"},"modified":"2022-04-07T13:32:48","modified_gmt":"2022-04-07T11:32:48","slug":"ka-ambicie-per-postin-e-kryetarit-te-pd-pergjigjet-rudina-hajdari-zbulon-cfare-po-ndodh-ne-seline-blu","status":"publish","type":"post","link":"https:\/\/zjarr.tv\/en\/ka-ambicie-per-postin-e-kryetarit-te-pd-pergjigjet-rudina-hajdari-zbulon-cfare-po-ndodh-ne-seline-blu\/","title":{"rendered":"Ka ambicie p\u00ebr postin e kryetarit t\u00eb PD? P\u00ebrgjigjet Rudina Hajdari, zbulon \u00e7far\u00eb po ndodh n\u00eb selin\u00eb blu"},"content":{"rendered":"<p>E pyetur n\u00ebse ka ambicie p\u00ebr postin e kryetarit t\u00eb PD, Rudina Hajdari deklaroi se duhet b\u00ebr\u00eb nj\u00eb analiz\u00eb e r\u00ebnd\u00ebsishme se ku \u00ebsht\u00eb problemi i d\u00ebshtimit q\u00eb pa p\u00ebsuar dhe se ajo q\u00eb ka dashur pas rikthimit n\u00eb PD, \u00ebsht\u00eb t\u00eb afrohet me an\u00ebtar\u00ebsin\u00eb, pasie ka patur shk\u00ebputje n\u00eb m\u00ebnyr\u00ebn se si operonte partia.<\/p>\n<p>Deklarata e Hajdarit:<\/p>\n<p>\u201cJepen urdhra q\u00eb t\u00eb mos takohen ish-an\u00ebtar\u00eb dhe ish-deputet\u00eb, baza nuk duhet t\u00eb reflektoj\u00eb kultur\u00ebn autokratike. Tipologjia e nj\u00eb kryetari n\u00eb nj\u00eb parti n\u00eb Shqip\u00ebri \u00ebsht\u00eb e till\u00eb dhe beteja q\u00eb pata n\u00eb parlament \u00ebsht\u00eb dob\u00ebsimi i rolit t\u00eb kryetarit n\u00eb hartimin e listave t\u00eb kandidat\u00ebve. Ishte nj\u00eb betej\u00eb e v\u00ebrtet\u00eb p\u00ebr t\u00eb fuqizuar qytetarin dhe jo kryetarin e partis\u00eb. Dua q\u00eb PD n\u00ebp\u00ebrmjet statutit t\u00eb ri, q\u00eb ka potencial p\u00ebr ti dh\u00ebn\u00eb m\u00eb shum\u00eb pesh\u00eb an\u00ebtar\u00ebsis\u00eb n\u00ebp\u00ebrmjet vendimmarrjes p\u00ebr m\u00ebnyr\u00ebn si zgjidhet kryetari, kryesia. T\u00eb gjitha k\u00ebto mendoj se jan\u00eb shum\u00eb t\u00eb mira sa i takon mos p\u00ebrs\u00ebritjes s\u00eb gabimeve t\u00eb caktuara.<\/p>\n<p>Nuk \u00ebsht\u00eb mir\u00eb t\u00eb bashkohen rreth zotit Basha, qoft\u00eb edhe Rudin\u00ebs. N\u00ebse do kemi t\u00eb rinj intelektual q\u00eb do na bashkohen rreth PD, duhet t\u00eb bashkohen drejt konkurrenc\u00ebs s\u00eb drejt\u00eb dhe barabart\u00eb. N\u00ebse jo t\u00eb hapin krahun. P\u00ebr mua r\u00ebnd\u00ebsi ka q\u00eb t\u00eb dal\u00eb PD nga kriza, m\u00eb tej do flasim. Duhet t\u00eb ndalim loj\u00ebn e tifozll\u00ebkut t\u00eb individ\u00ebve. Nuk \u00ebsht\u00eb zgjidhja, konkurrenca ime n\u00eb proces. N\u00eb momentin q\u00eb krijohet nj\u00eb ekip i mir\u00eb ka nj\u00eb frym\u00eb dhe ofert\u00eb t\u00eb re, do i jap\u00eb m\u00eb energji pozitive qoft\u00eb elektoratit, edhe PD.<\/p>\n<p>Logjikisht mendoj se \u00ebsht\u00eb nj\u00eb proces q\u00eb ka koh\u00ebn e vet\u00eb dhe zoti Berisha do vij\u00eb nj\u00eb dit\u00eb q\u00eb do heq\u00eb dor\u00eb dhe kjo mund t\u00eb jet\u00eb n\u00eb nj\u00eb t\u00eb ardhme t\u00eb af\u00ebrt. Ka nj\u00eb pesh\u00eb brenda an\u00ebtar\u00ebsis\u00eb dhe po p\u00ebrpiqet n\u00eb m\u00ebnyr\u00ebn e tij p\u00ebr t\u00eb dh\u00ebn\u00eb kontribut. Mendoj q\u00eb edhe zoti Basha po kushdo tjet\u00ebr q\u00eb angazhohet p\u00ebr t\u00eb bashkuar PD, duhet t\u00eb takohet dhe bashkohen n\u00eb k\u00ebt\u00eb mision.\u201c-shprehet Hajdari.<\/p>","protected":false},"excerpt":{"rendered":"<p>E pyetur n\u00ebse ka ambicie p\u00ebr postin e kryetarit t\u00eb PD, Rudina Hajdari deklaroi se duhet b\u00ebr\u00eb nj\u00eb analiz\u00eb e r\u00ebnd\u00ebsishme se ku \u00ebsht\u00eb problemi i d\u00ebshtimit q\u00eb pa p\u00ebsuar dhe se ajo q\u00eb ka dashur pas rikthimit n\u00eb PD, \u00ebsht\u00eb t\u00eb afrohet me an\u00ebtar\u00ebsin\u00eb, pasie ka patur shk\u00ebputje n\u00eb m\u00ebnyr\u00ebn se si operonte partia. [&hellip;]<\/p>\n","protected":false},"author":2020,"featured_media":161938,"comment_status":"closed","ping_status":"closed","sticky":false,"template":"","format":"standard","meta":{"footnotes":""},"categories":[241,5380,231],"tags":[],"class_list":{"0":"post-249560","1":"post","2":"type-post","3":"status-publish","4":"format-standard","5":"has-post-thumbnail","7":"category-aktualitet","8":"category-kryesore","9":"category-lajme"},"_links":{"self":[{"href":"https:\/\/zjarr.tv\/en\/wp-json\/wp\/v2\/posts\/249560","targetHints":{"allow":["GET"]}}],"collection":[{"href":"https:\/\/zjarr.tv\/en\/wp-json\/wp\/v2\/posts"}],"about":[{"href":"https:\/\/zjarr.tv\/en\/wp-json\/wp\/v2\/types\/post"}],"author":[{"embeddable":true,"href":"https:\/\/zjarr.tv\/en\/wp-json\/wp\/v2\/users\/2020"}],"replies":[{"embeddable":true,"href":"https:\/\/zjarr.tv\/en\/wp-json\/wp\/v2\/comments?post=249560"}],"version-history":[{"count":0,"href":"https:\/\/zjarr.tv\/en\/wp-json\/wp\/v2\/posts\/249560\/revisions"}],"wp:featuredmedia":[{"embeddable":true,"href":"https:\/\/zjarr.tv\/en\/wp-json\/wp\/v2\/media\/161938"}],"wp:attachment":[{"href":"https:\/\/zjarr.tv\/en\/wp-json\/wp\/v2\/media?parent=249560"}],"wp:term":[{"taxonomy":"category","embeddable":true,"href":"https:\/\/zjarr.tv\/en\/wp-json\/wp\/v2\/categories?post=249560"},{"taxonomy":"post_tag","embeddable":true,"href":"https:\/\/zjarr.tv\/en\/wp-json\/wp\/v2\/tags?post=249560"}],"curies":[{"name":"wp","href":"https:\/\/api.w.org\/{rel}","templated":true}]}}