{"id":249565,"date":"2022-04-07T13:43:54","date_gmt":"2022-04-07T11:43:54","guid":{"rendered":"https:\/\/zjarr.tv\/?p=249565"},"modified":"2022-04-07T13:43:54","modified_gmt":"2022-04-07T11:43:54","slug":"zgjedhja-e-presidentit-te-ri-vangjel-dule-te-mos-shkojme-drejt-nje-noteri-per-interesat-e-mazhorances-kerkojme-nje-pd-te-forte","status":"publish","type":"post","link":"https:\/\/zjarr.tv\/en\/zgjedhja-e-presidentit-te-ri-vangjel-dule-te-mos-shkojme-drejt-nje-noteri-per-interesat-e-mazhorances-kerkojme-nje-pd-te-forte\/","title":{"rendered":"Zgjedhja e presidentit t\u00eb ri\/ Vangjel Dule: T\u00eb mos shkojm\u00eb drejt nj\u00eb noteri p\u00ebr interesat e mazhoranc\u00ebs! K\u00ebrkojm\u00eb nj\u00eb PD t\u00eb fort\u00eb\u2026"},"content":{"rendered":"<p>Kreu i Partis\u00eb Bashkimi p\u00ebr t\u00eb Drejtat e Njeriut (PBDNJ) Vangjel Dule ka folur dit\u00ebn e sotme p\u00ebr procesin e zgjedhjes s\u00eb presidentit t\u00eb ri dhe pozicionin e partis\u00eb s\u00eb tij.<\/p>\n<p>N\u00eb nj\u00eb deklarat\u00eb p\u00ebr gazetar\u00ebt nga qyteti i Vlor\u00ebs, Dule deklaroi se zgjedhja e presidentit me procedurat e njohura deri m\u00eb sot do t\u00eb prodhojn\u00eb nj\u00eb noter publik p\u00ebr interesat e maxhoranc\u00ebs.<\/p>\n<p>\u201cDuhet t\u00eb jemi t\u00eb sinqert\u00eb me veten ton\u00eb dhe ata q\u00eb p\u00ebrfaq\u00ebsojm\u00eb. Vendi ndodhet n\u00eb nj\u00eb situat\u00eb delikate. Shteti \u00ebsht\u00eb i kapur. Demokracia \u00ebsht\u00eb n\u00eb kushte t\u00eb v\u00ebshtira.<\/p>\n<p>Vendi n\u00ebse nuk do ket\u00eb reagim po shkon n\u00eb paradhom\u00ebn e totalitarizmit. Zgjedhja e presidentit me procedurat e njohura do t\u00eb jet\u00eb nj\u00eb noter publik. Edhe Ilir Meta u zgjodh me syninim p\u00ebr t\u00eb qen\u00eb noter i politikave Rama. Por n\u00eb rastin konkret ai tregon reflektim serioz.<\/p>\n<p>Ai foli edhe p\u00ebr situat\u00ebn n\u00eb Partin\u00eb Demokratike. \u201cSituata n\u00eb parti t\u00eb ndryshme u takon an\u00ebtar\u00ebsive t\u00eb tyre. Ne jemi nj\u00eb parti q\u00eb kemi bashk\u00ebpunuar me PD.<\/p>\n<p>K\u00ebrkojm\u00eb nj\u00eb PD t\u00eb fort\u00eb p\u00ebr t\u2019i prir\u00eb koalicionit opozitar q\u00eb fenomenet q\u00eb p\u00ebrmenda pak m\u00eb sip\u00ebr t\u00eb mos jen\u00eb dominante n\u00eb jet\u00ebn ton\u00eb politike por t\u00eb lihen an\u00ebs rrug\u00ebs son\u00eb p\u00ebr integrimin. Jam atashuar pran\u00eb PBDNJ\u201d, u shpreh ai.<\/p>","protected":false},"excerpt":{"rendered":"<p>Kreu i Partis\u00eb Bashkimi p\u00ebr t\u00eb Drejtat e Njeriut (PBDNJ) Vangjel Dule ka folur dit\u00ebn e sotme p\u00ebr procesin e zgjedhjes s\u00eb presidentit t\u00eb ri dhe pozicionin e partis\u00eb s\u00eb tij. N\u00eb nj\u00eb deklarat\u00eb p\u00ebr gazetar\u00ebt nga qyteti i Vlor\u00ebs, Dule deklaroi se zgjedhja e presidentit me procedurat e njohura deri m\u00eb sot do t\u00eb [&hellip;]<\/p>\n","protected":false},"author":2020,"featured_media":128424,"comment_status":"closed","ping_status":"closed","sticky":false,"template":"","format":"standard","meta":{"footnotes":""},"categories":[241,5380,231],"tags":[],"class_list":{"0":"post-249565","1":"post","2":"type-post","3":"status-publish","4":"format-standard","5":"has-post-thumbnail","7":"category-aktualitet","8":"category-kryesore","9":"category-lajme"},"_links":{"self":[{"href":"https:\/\/zjarr.tv\/en\/wp-json\/wp\/v2\/posts\/249565","targetHints":{"allow":["GET"]}}],"collection":[{"href":"https:\/\/zjarr.tv\/en\/wp-json\/wp\/v2\/posts"}],"about":[{"href":"https:\/\/zjarr.tv\/en\/wp-json\/wp\/v2\/types\/post"}],"author":[{"embeddable":true,"href":"https:\/\/zjarr.tv\/en\/wp-json\/wp\/v2\/users\/2020"}],"replies":[{"embeddable":true,"href":"https:\/\/zjarr.tv\/en\/wp-json\/wp\/v2\/comments?post=249565"}],"version-history":[{"count":0,"href":"https:\/\/zjarr.tv\/en\/wp-json\/wp\/v2\/posts\/249565\/revisions"}],"wp:featuredmedia":[{"embeddable":true,"href":"https:\/\/zjarr.tv\/en\/wp-json\/wp\/v2\/media\/128424"}],"wp:attachment":[{"href":"https:\/\/zjarr.tv\/en\/wp-json\/wp\/v2\/media?parent=249565"}],"wp:term":[{"taxonomy":"category","embeddable":true,"href":"https:\/\/zjarr.tv\/en\/wp-json\/wp\/v2\/categories?post=249565"},{"taxonomy":"post_tag","embeddable":true,"href":"https:\/\/zjarr.tv\/en\/wp-json\/wp\/v2\/tags?post=249565"}],"curies":[{"name":"wp","href":"https:\/\/api.w.org\/{rel}","templated":true}]}}