{"id":249575,"date":"2022-04-07T14:39:19","date_gmt":"2022-04-07T12:39:19","guid":{"rendered":"https:\/\/zjarr.tv\/?p=249575"},"modified":"2022-04-07T14:39:19","modified_gmt":"2022-04-07T12:39:19","slug":"aventure-e-rrezikshme-vjen-reagimi-i-pare-nga-opozita-per-legalizimin-e-kanabisit-ekonomikisht-nuk-perfitojme-asgje","status":"publish","type":"post","link":"https:\/\/zjarr.tv\/en\/aventure-e-rrezikshme-vjen-reagimi-i-pare-nga-opozita-per-legalizimin-e-kanabisit-ekonomikisht-nuk-perfitojme-asgje\/","title":{"rendered":"\u201cAventur\u00eb e rrezikshme\u201d, vjen reagimi i par\u00eb nga opozita p\u00ebr legalizimin e kanabisit: Ekonomikisht nuk p\u00ebrfitojm\u00eb asgj\u00eb"},"content":{"rendered":"<p>Deputeti i Partis\u00eb Demokratike,Tritan Shehu \u00ebsht\u00eb nd\u00ebr z\u00ebrat e par\u00eb nga radh\u00ebt e opozit\u00ebs q\u00eb ka reaguar kund\u00ebr nism\u00ebs s\u00eb kryeministrit Edi Rama, i cili sot ndezi \u201cdrit\u00ebn jeshile\u201d p\u00ebr legalizimin e kanabisit mjek\u00ebsor.<\/p>\n<p>Shehu e quan si \u201caventur\u00eb t\u00eb rrezikshme\u201d, q\u00eb do t\u2019i hap\u00eb rrug\u00eb kanabizimit masiv t\u00eb vendit. Ai rendit edhe disa pika, ku shprehet se n\u00eb Maqedonin\u00eb e Veriut, shtet q\u00eb e ka legalizuar kanabisin mjek\u00ebsor n\u00eb 2016-\u00ebn, kanabisi ka degraduar si drog\u00eb dhe p\u00ebr trafiqe.<\/p>\n<p>Sipas Shehut, edhe Italia prodhon nj\u00eb sasi shum\u00eb t\u00eb vog\u00ebl t\u00eb kanabisit mjek\u00ebsor n\u00ebn mbikqyrjen e ushtris\u00eb. Ai thot\u00eb se p\u00ebrfitimi ekonomik p\u00ebr Shqip\u00ebrin\u00eb nga legalizimi i kanabisit mjek\u00ebsor do t\u00eb jet\u00eb zero.<\/p>\n<p>&nbsp;<\/p>\n<p>Shrimi i deputetit Tritan Shehu:<\/p>\n<p>Sipas Ram\u00ebs \u201cPopulli vendosi q\u00eb Shqip\u00ebria t\u00eb quhet Republika e Kanabisit\u201d<\/p>\n<p>Legalizimi i \u201ckanabisit mjek\u00ebsor\u201d, nj\u00eb aventur\u00eb drejt kanabizimit t\u00eb plot\u00eb!<\/p>\n<p>\u201cPopulli paska vendosur q\u00eb Shqiperia t\u00eb mbushet me drog\u00eb\u201d, kur sip\u00ebrfaqja e mbjell\u00eb me kanabis m\u00eb 2021 ishte 50% m\u00eb e madhe se n\u00eb 2020.<\/p>\n<p>Kur i gjith\u00eb ky proces kanabizimi ka shtuar varferin\u00eb, d\u00ebmtuar r\u00ebnd\u00eb bujq\u00ebsin\u00eb\u2026 Ka forcuar vet\u00ebm grupet kriminale, q\u00eb tashti u dashkan \u201clegalizuar\u201d! K\u00ebrkohet k\u00ebshtu t\u2019i hidhet nj\u00eb \u201ckock\u00eb pa mish\u201d shqiptar\u00ebve p\u00ebr tu hequr mendjen nga varf\u00ebria, e mashtruar k\u00ebshtu edhe p\u00ebr disa koh\u00eb me iluzione t\u00eb rrezikeshme. Sepse e v\u00ebrteta \u00ebsht\u00eb krejt ndryshe nga ajo q\u00eb servir Rama si mrekullin\u00eb e mir\u00ebqenies:<\/p>\n<p>1-Kanabisi mj\u00ebkesor aktualisht ka p\u00ebrdorim shum\u00eb t\u00eb kufizuar n\u00eb mjek\u00ebsi, n\u00eb nivel eksperimental, ve\u00e7an\u00ebrisht komponenti i tij \u201edronabinol\u201d mbas p\u00ebrpunimit, p\u00ebr fazat terminale t\u00eb tumor\u00ebve, t\u00eb HIV dhe ne skleroz\u00ebn multiple, sipas vet\u00eb FDA.<\/p>\n<p>2-Shqip\u00ebria nuk ka t\u00eb tilla kapacitete eksperimentale e p\u00ebrpunuese t\u00eb kanabisit. Por dhe tregu bot\u00ebror \u00ebsht\u00eb shum\u00eb i kufizuar. Italia psh prodhon sasi t\u00eb vogla n\u00ebn kontrollin e ushtris\u00eb e rr\u00ebzoi iden\u00eb e legalizimit.<\/p>\n<p>3-Si pasoj\u00eb p\u00ebrfitimi ekonomik me k\u00ebt\u00eb \u201ckanabis\u201d mjek\u00ebsor p\u00ebr ne \u00ebsht\u00eb zero, gj\u00eb q\u00eb e provoi dhe MV, ku degradoi drejt perdorimit si drog\u00eb e p\u00ebr trafiqe.<\/p>\n<p>4-T\u00eb pranosh Ram\u00ebn kur thot\u00eb se \u201cKanabisi mjek\u00ebsor\u201d do t\u00eb ndaloj\u00eb p\u00ebrdorimin si drog\u00eb t\u00eb tij dhe veprimtarit\u00eb kriminale, \u00ebsht\u00eb fanta shkenc\u00eb. N\u00eb Shqip\u00ebri ku shteti \u00ebsht\u00eb i kriminalizuar, kjo do te thote \u201ct\u2019i varesh ujkut melcite ne qafe\u201d.<\/p>\n<p>Shikoni vetem \u201ctymin\u201d, qe del prej shkollave nga perdorimi i kanabisit aty prej moshes 13-14 vjec\u2026 Neser e gjithe Shqiperia do te mbulohet me kete tym.<\/p>\n<p>5-Pra keshtu i hapet rruga \u201elicensimit\u201c te disa grupeve kriminale, gje qe con ne: \u2013\u201eLegalizimin\u201c e kriminalitet dhe te grupeve prodhuese e trafikuese.<\/p>\n<p>\u2013Cfrytezimin tashme ne \u201clegalitet\u201d si bujkrober te fshatareve, qe nuk do te perfitojne asgje, perkundrazi do tu renohet dhe aktiviteti normal bujqesor e blegtoral.<\/p>\n<p>\u2013Ne promocionin social te droges Kanabis, kur dhe aktualisht ky eshte nje problem shume i madh kriminal, shendetesor e social.<\/p>\n<p>\u2013Ne shkaterrimin e imazhit te vendit, te maredhenieve me partneret e demtimin e procesit tone te integrimit europian.<\/p>\n<p>Kjo eshte e verteta e ketij teatraliteti te pa pergjegjeshem, por me pasoja te renda, qe po ndodh dhe po na con drejt shpalljes se:<\/p>\n<p>\u201cRepublikes se Kanabisit\u201d ne emer te popullit nga Rama\u2026si dikur!<\/p>","protected":false},"excerpt":{"rendered":"<p>Deputeti i Partis\u00eb Demokratike,Tritan Shehu \u00ebsht\u00eb nd\u00ebr z\u00ebrat e par\u00eb nga radh\u00ebt e opozit\u00ebs q\u00eb ka reaguar kund\u00ebr nism\u00ebs s\u00eb kryeministrit Edi Rama, i cili sot ndezi \u201cdrit\u00ebn jeshile\u201d p\u00ebr legalizimin e kanabisit mjek\u00ebsor. Shehu e quan si \u201caventur\u00eb t\u00eb rrezikshme\u201d, q\u00eb do t\u2019i hap\u00eb rrug\u00eb kanabizimit masiv t\u00eb vendit. Ai rendit edhe disa pika, [&hellip;]<\/p>\n","protected":false},"author":2020,"featured_media":249576,"comment_status":"closed","ping_status":"closed","sticky":false,"template":"","format":"standard","meta":{"footnotes":""},"categories":[241,5380,231],"tags":[],"class_list":{"0":"post-249575","1":"post","2":"type-post","3":"status-publish","4":"format-standard","5":"has-post-thumbnail","7":"category-aktualitet","8":"category-kryesore","9":"category-lajme"},"_links":{"self":[{"href":"https:\/\/zjarr.tv\/en\/wp-json\/wp\/v2\/posts\/249575","targetHints":{"allow":["GET"]}}],"collection":[{"href":"https:\/\/zjarr.tv\/en\/wp-json\/wp\/v2\/posts"}],"about":[{"href":"https:\/\/zjarr.tv\/en\/wp-json\/wp\/v2\/types\/post"}],"author":[{"embeddable":true,"href":"https:\/\/zjarr.tv\/en\/wp-json\/wp\/v2\/users\/2020"}],"replies":[{"embeddable":true,"href":"https:\/\/zjarr.tv\/en\/wp-json\/wp\/v2\/comments?post=249575"}],"version-history":[{"count":0,"href":"https:\/\/zjarr.tv\/en\/wp-json\/wp\/v2\/posts\/249575\/revisions"}],"wp:featuredmedia":[{"embeddable":true,"href":"https:\/\/zjarr.tv\/en\/wp-json\/wp\/v2\/media\/249576"}],"wp:attachment":[{"href":"https:\/\/zjarr.tv\/en\/wp-json\/wp\/v2\/media?parent=249575"}],"wp:term":[{"taxonomy":"category","embeddable":true,"href":"https:\/\/zjarr.tv\/en\/wp-json\/wp\/v2\/categories?post=249575"},{"taxonomy":"post_tag","embeddable":true,"href":"https:\/\/zjarr.tv\/en\/wp-json\/wp\/v2\/tags?post=249575"}],"curies":[{"name":"wp","href":"https:\/\/api.w.org\/{rel}","templated":true}]}}