{"id":249590,"date":"2022-04-07T15:31:06","date_gmt":"2022-04-07T13:31:06","guid":{"rendered":"https:\/\/zjarr.tv\/?p=249590"},"modified":"2022-04-07T15:31:06","modified_gmt":"2022-04-07T13:31:06","slug":"denimi-i-bojken-lakos-shperthen-paloka-koleget-e-tij-artiste-grabisin-toka-ne-bregdet-rama-hiqej-sikur-bujar-lakon-e-kishte-mik","status":"publish","type":"post","link":"https:\/\/zjarr.tv\/en\/denimi-i-bojken-lakos-shperthen-paloka-koleget-e-tij-artiste-grabisin-toka-ne-bregdet-rama-hiqej-sikur-bujar-lakon-e-kishte-mik\/","title":{"rendered":"D\u00ebnimi i Bojken Lakos, shp\u00ebrthen Paloka: Koleg\u00ebt e tij \u201cartist\u00eb\u201d grabisin toka n\u00eb bregdet! Rama hiqej sikur Bujar Lakon e kishte mik\u2026"},"content":{"rendered":"<p>Deputeti i Partis\u00eb Demokratike Edi Paloka ka reaguar i revoltuar pas vendimit t\u00eb gjykat\u00ebs n\u00eb Tiran\u00eb, e cila e d\u00ebnoi k\u00ebng\u00ebtarin Bojken Lako me 3 vite burg p\u00ebr kryerjen pa leje t\u00eb disa punimeve n\u00eb studion e tij muzikkore.<\/p>\n<p>\u201cE paskan kapur kriminelin\u201d, shkruan Paloka duke ironizuar se kolelgu \u201cartist\u201d i Bojken Lakos, ka \u201cgrabitur me firm\u00ebn e Ram\u00ebs qindramij\u00eb metra katror\u00eb toka n\u00eb bregdet si \u201cinvestitore strategjik\u00eb\u201d.<\/p>\n<p>Paloka sh\u00ebnjestron kryeministrin Rama, teksa thot\u00eb se d\u00ebnimi i Bojken Lakos ka dhe nj\u00eb aspekt njer\u00ebzor: \u201cRama hiqej sikur Bujar Lakon e kishte mik. K\u00ebt\u00eb p\u00ebrshtypje u p\u00ebrpoq t\u00eb linte me statusin e tij kur Bujari u nda nga kjo jet\u00eb\u2026\u201d, shkruan ai.<\/p>\n<p>D\u00ebnimi me 3 vite burg i kengetarit, u konvertua n\u00eb sh\u00ebrbim prove.<\/p>\n<p>Postimi i plot\u00eb i Palok\u00ebs:<\/p>\n<p>Pafytyr\u00ebsia e Ram\u00ebs nuk njeh limite\u2026!<\/p>\n<p>E paskan kapur \u201ckriminelin\u201d!<\/p>\n<p>Do \u00e7ohen k\u00ebta njoh\u00ebsit e themeleve t\u00eb shtetit e do b\u00ebrtasin: \u201c\u00c7fare lidhje ka Rama k\u00ebtu, drejt\u00ebsia \u00ebsht\u00eb e pavarur!\u201d<\/p>\n<p>Do b\u00ebrtasin \u201cparimor\u00ebt\u201d e rilindjes: \u201cPse nuk duhet d\u00ebnuar Bojken Lako, drejt\u00ebsia \u00ebsht\u00eb e barabart\u00eb p\u00ebr t\u00eb gjith\u00eb\u2026!\u201d<\/p>\n<p>Po ashtu duhet t\u00eb jet\u00eb. Po nd\u00ebrkoh\u00eb ne shohim se si vazhdojn\u00eb paguhen miliona euro p\u00ebr bashk\u00ebpuntor\u00ebt n\u00eb k\u00ebrkim t\u00eb qeveritar\u00ebve p\u00ebrfshir\u00eb n\u00eb skandalin e incenerator\u00ebve.<\/p>\n<p>Nd\u00ebrkoh\u00eb ne shohim se si koleg\u00ebt e Bojkenit, \u201cartist\u00ebt\u201d e \u201crilindjes\u201d grabisin me firm\u00ebn e Ram\u00ebs qindramij\u00eb metra katror\u00eb toka n\u00eb bregdet si \u201cinvestitore strategjik\u00eb\u201d!<\/p>\n<p>Shohim se si b\u00ebn Rama pazare dhe i jep imunitet para drejt\u00ebsis\u00eb llumit t\u00eb k\u00ebtij vendi q\u00eb bashk\u00ebpunojn\u00eb me t\u00eb.<\/p>\n<p>Po ka dhe nj\u00eb aspekt njer\u00ebzor n\u00eb k\u00ebt\u00eb rast.<\/p>\n<p>Rama hiqej sikur Bujar Lakon e kishte mik. K\u00ebt\u00eb p\u00ebrshtypje u p\u00ebrpoq t\u00eb linte me statusin e tij kur Bujari u nda nga kjo jet\u00eb\u2026\u00a0 N\u00eb fakt Rama nuk ka lidhje fare me marrdheni\u00ebt njer\u00ebzore jasht\u00eb interesave t\u00eb tij\u2026<\/p>","protected":false},"excerpt":{"rendered":"<p>Deputeti i Partis\u00eb Demokratike Edi Paloka ka reaguar i revoltuar pas vendimit t\u00eb gjykat\u00ebs n\u00eb Tiran\u00eb, e cila e d\u00ebnoi k\u00ebng\u00ebtarin Bojken Lako me 3 vite burg p\u00ebr kryerjen pa leje t\u00eb disa punimeve n\u00eb studion e tij muzikkore. \u201cE paskan kapur kriminelin\u201d, shkruan Paloka duke ironizuar se kolelgu \u201cartist\u201d i Bojken Lakos, ka \u201cgrabitur [&hellip;]<\/p>\n","protected":false},"author":2020,"featured_media":249591,"comment_status":"closed","ping_status":"closed","sticky":false,"template":"","format":"standard","meta":{"footnotes":""},"categories":[241,5380,231],"tags":[],"class_list":{"0":"post-249590","1":"post","2":"type-post","3":"status-publish","4":"format-standard","5":"has-post-thumbnail","7":"category-aktualitet","8":"category-kryesore","9":"category-lajme"},"_links":{"self":[{"href":"https:\/\/zjarr.tv\/en\/wp-json\/wp\/v2\/posts\/249590","targetHints":{"allow":["GET"]}}],"collection":[{"href":"https:\/\/zjarr.tv\/en\/wp-json\/wp\/v2\/posts"}],"about":[{"href":"https:\/\/zjarr.tv\/en\/wp-json\/wp\/v2\/types\/post"}],"author":[{"embeddable":true,"href":"https:\/\/zjarr.tv\/en\/wp-json\/wp\/v2\/users\/2020"}],"replies":[{"embeddable":true,"href":"https:\/\/zjarr.tv\/en\/wp-json\/wp\/v2\/comments?post=249590"}],"version-history":[{"count":0,"href":"https:\/\/zjarr.tv\/en\/wp-json\/wp\/v2\/posts\/249590\/revisions"}],"wp:featuredmedia":[{"embeddable":true,"href":"https:\/\/zjarr.tv\/en\/wp-json\/wp\/v2\/media\/249591"}],"wp:attachment":[{"href":"https:\/\/zjarr.tv\/en\/wp-json\/wp\/v2\/media?parent=249590"}],"wp:term":[{"taxonomy":"category","embeddable":true,"href":"https:\/\/zjarr.tv\/en\/wp-json\/wp\/v2\/categories?post=249590"},{"taxonomy":"post_tag","embeddable":true,"href":"https:\/\/zjarr.tv\/en\/wp-json\/wp\/v2\/tags?post=249590"}],"curies":[{"name":"wp","href":"https:\/\/api.w.org\/{rel}","templated":true}]}}