{"id":249609,"date":"2022-04-07T16:36:02","date_gmt":"2022-04-07T14:36:02","guid":{"rendered":"https:\/\/zjarr.tv\/?p=249609"},"modified":"2022-04-07T16:36:02","modified_gmt":"2022-04-07T14:36:02","slug":"padia-e-kushit-pas-daljes-se-tezave-te-provimit-reagon-vokshi-e-mirepres-shihemi-ne-gjykate","status":"publish","type":"post","link":"https:\/\/zjarr.tv\/en\/padia-e-kushit-pas-daljes-se-tezave-te-provimit-reagon-vokshi-e-mirepres-shihemi-ne-gjykate\/","title":{"rendered":"Padia e Kushit pas daljes s\u00eb tezave t\u00eb provimit, reagon Vokshi: E mir\u00ebpres, shihemi n\u00eb gjykat\u00eb!"},"content":{"rendered":"<p>Deputetja demokrate, Albana Vokshi ka reaguar pas deklarat\u00ebs s\u00eb b\u00ebr\u00eb nga ministrja e Arsimit Evis Kushi se do ta padiste n\u00eb gjykat\u00eb lidhur me nj\u00eb lajmin e publikimit t\u00eb tezave t\u00eb provimit p\u00ebr vler\u00ebsuesit parauniversitar.<\/p>\n<p>Vokshi tha se priste nj\u00eb reagim tjet\u00ebr nga ana e Kushit, por n\u00eb k\u00ebt\u00eb rast e mir\u00ebpriste padin\u00eb e saj dhe se tezat e provimit do t\u2019i dor\u00ebzonte n\u00eb gjykat\u00eb.<\/p>\n<p>Reagimi i deputetes s\u00eb PD, Albana Vokshi:<\/p>\n<p>N\u00eb vend q\u00eb t\u00eb k\u00ebrkoj\u00eb ndjes\u00eb m\u00ebsuesve e t\u00eb marr\u00eb masat p\u00ebr k\u00ebdo q\u00eb ka nxjerr\u00eb tezat e provimit n\u00eb em\u00ebr t\u00eb saj, Ministrja e Arsimit, Evis Kushi, merr n\u00eb mbrojtje shkel\u00ebsit e ligjit e m\u00eb k\u00ebrc\u00ebnon me padi n\u00eb gjykat\u00eb.<\/p>\n<p>E mir\u00ebpres padin\u00eb e Ministres Kushi, do ishte e pesta n\u00eb rradh\u00eb pas padive t\u00eb Edi Ram\u00ebs, Erjon Veliajt, Taulant Ball\u00ebs\u2026<\/p>\n<p>Znj. Ministre, m\u00ebsues t\u00eb ndersh\u00ebm, t\u00eb cil\u00ebve ju dhimbset arsimi denoncuan nj\u00eb veprim skandaloz q\u00eb duhej ndalur. Kishit rastin t\u00eb distancoheshit nga ai, duke i k\u00ebrkuar ndjes\u00eb cdo m\u00ebsuesi q\u00eb hyn n\u00eb k\u00ebt\u00eb provim e duke v\u00ebn\u00eb para p\u00ebrgjegj\u00ebsis\u00eb cdok\u00ebnd q\u00eb shkel ligjet, procedurat e rrjedhimisht edhe barazin\u00eb n\u00eb nj\u00eb test t\u00eb till\u00eb t\u00eb r\u00ebnd\u00ebsish\u00ebm duke favorizuar militant\u00eb partie, miq, patronazhist\u00eb etj etj.<\/p>\n<p>Ju zgjodh\u00ebt t\u00eb mbronit shkel\u00ebsit e abuzuesit e jo m\u00ebsuesit.<\/p>\n<p>Zgjodha t\u00eb mos i publikoj tezat me shpres\u00ebn e nj\u00eb reagimi ndryshe nga ana juaj.<\/p>\n<p>Por tani jam e gatshme t\u2019i dor\u00ebzoj ato n\u00eb gjykat\u00eb.<\/p>\n<p>Shihemi n\u00eb gjykat\u00eb<\/p>","protected":false},"excerpt":{"rendered":"<p>Deputetja demokrate, Albana Vokshi ka reaguar pas deklarat\u00ebs s\u00eb b\u00ebr\u00eb nga ministrja e Arsimit Evis Kushi se do ta padiste n\u00eb gjykat\u00eb lidhur me nj\u00eb lajmin e publikimit t\u00eb tezave t\u00eb provimit p\u00ebr vler\u00ebsuesit parauniversitar. Vokshi tha se priste nj\u00eb reagim tjet\u00ebr nga ana e Kushit, por n\u00eb k\u00ebt\u00eb rast e mir\u00ebpriste padin\u00eb e saj [&hellip;]<\/p>\n","protected":false},"author":2020,"featured_media":249610,"comment_status":"closed","ping_status":"closed","sticky":false,"template":"","format":"standard","meta":{"footnotes":""},"categories":[241,5380,231],"tags":[],"class_list":{"0":"post-249609","1":"post","2":"type-post","3":"status-publish","4":"format-standard","5":"has-post-thumbnail","7":"category-aktualitet","8":"category-kryesore","9":"category-lajme"},"_links":{"self":[{"href":"https:\/\/zjarr.tv\/en\/wp-json\/wp\/v2\/posts\/249609","targetHints":{"allow":["GET"]}}],"collection":[{"href":"https:\/\/zjarr.tv\/en\/wp-json\/wp\/v2\/posts"}],"about":[{"href":"https:\/\/zjarr.tv\/en\/wp-json\/wp\/v2\/types\/post"}],"author":[{"embeddable":true,"href":"https:\/\/zjarr.tv\/en\/wp-json\/wp\/v2\/users\/2020"}],"replies":[{"embeddable":true,"href":"https:\/\/zjarr.tv\/en\/wp-json\/wp\/v2\/comments?post=249609"}],"version-history":[{"count":0,"href":"https:\/\/zjarr.tv\/en\/wp-json\/wp\/v2\/posts\/249609\/revisions"}],"wp:featuredmedia":[{"embeddable":true,"href":"https:\/\/zjarr.tv\/en\/wp-json\/wp\/v2\/media\/249610"}],"wp:attachment":[{"href":"https:\/\/zjarr.tv\/en\/wp-json\/wp\/v2\/media?parent=249609"}],"wp:term":[{"taxonomy":"category","embeddable":true,"href":"https:\/\/zjarr.tv\/en\/wp-json\/wp\/v2\/categories?post=249609"},{"taxonomy":"post_tag","embeddable":true,"href":"https:\/\/zjarr.tv\/en\/wp-json\/wp\/v2\/tags?post=249609"}],"curies":[{"name":"wp","href":"https:\/\/api.w.org\/{rel}","templated":true}]}}