{"id":249652,"date":"2022-04-07T21:29:07","date_gmt":"2022-04-07T19:29:07","guid":{"rendered":"https:\/\/zjarr.tv\/?p=249652"},"modified":"2022-04-07T21:29:07","modified_gmt":"2022-04-07T19:29:07","slug":"ilir-meta-tallet-me-lulzim-bashen-i-thashe-opozites-me-kete-kecin-do-ta-permbysni-edi-ramen","status":"publish","type":"post","link":"https:\/\/zjarr.tv\/en\/ilir-meta-tallet-me-lulzim-bashen-i-thashe-opozites-me-kete-kecin-do-ta-permbysni-edi-ramen\/","title":{"rendered":"Ilir Meta tallet me Lulzim Bash\u00ebn: I thash\u00eb opozit\u00ebs, me k\u00ebt\u00eb KECIN do ta p\u00ebrmbysni Edi Ram\u00ebn?"},"content":{"rendered":"<p>Presidenti Ilir Meta e ka cil\u00ebsuar \u201ckec\u201d ish-kryedemokratin Lulzim Basha, teksa tregoi se i ka th\u00ebn\u00eb opozit\u00ebs n\u00eb vitin 2019 se nuk mund ta p\u00ebrmbysnin Ram\u00ebn me Bash\u00ebn si kryetar. <\/p>\n<p>Ai tha se n\u00eb zgjedhjet e 25 Prillit Rama do kishte marr\u00eb 110 mandate, po t\u00eb mos kishte qen\u00eb p\u00ebr rezistenc\u00ebn e Presidentit. <\/p>\n<p>Un\u00eb kam mbrojtur demokracin\u00eb. Opozita ishte e shitur, si mund t\u00eb l\u00ebr\u00eb mandatet kur un\u00eb 1 vit m\u00eb p\u00ebrpara u kam th\u00ebn\u00eb \u2018ku do vini\u2019, kur donin t\u00eb digjnin mandatet. Me k\u00ebt\u00eb kecin do ta p\u00ebrmbysim Edi Ram\u00ebn? T\u00eb gjitha k\u00ebto veprime ju i keni b\u00ebr\u00eb dhe e keni sjell\u00eb situat\u00ebn k\u00ebtu ku \u00ebsht\u00eb. Edi Rama do kishte marr\u00eb 110 mandate po t\u00eb mos kishte qen\u00eb p\u00ebr rezistenc\u00ebn e Presidentit\u201d, tha Meta n\u00eb Syri Tv.<\/p>","protected":false},"excerpt":{"rendered":"<p>Presidenti Ilir Meta e ka cil\u00ebsuar \u201ckec\u201d ish-kryedemokratin Lulzim Basha, teksa tregoi se i ka th\u00ebn\u00eb opozit\u00ebs n\u00eb vitin 2019 se nuk mund ta p\u00ebrmbysnin Ram\u00ebn me Bash\u00ebn si kryetar. Ai tha se n\u00eb zgjedhjet e 25 Prillit Rama do kishte marr\u00eb 110 mandate, po t\u00eb mos kishte qen\u00eb p\u00ebr rezistenc\u00ebn e Presidentit. Un\u00eb kam [&hellip;]<\/p>\n","protected":false},"author":2031,"featured_media":249653,"comment_status":"closed","ping_status":"closed","sticky":false,"template":"","format":"standard","meta":{"footnotes":""},"categories":[241,231,235],"tags":[],"class_list":{"0":"post-249652","1":"post","2":"type-post","3":"status-publish","4":"format-standard","5":"has-post-thumbnail","7":"category-aktualitet","8":"category-lajme","9":"category-vendi"},"_links":{"self":[{"href":"https:\/\/zjarr.tv\/en\/wp-json\/wp\/v2\/posts\/249652","targetHints":{"allow":["GET"]}}],"collection":[{"href":"https:\/\/zjarr.tv\/en\/wp-json\/wp\/v2\/posts"}],"about":[{"href":"https:\/\/zjarr.tv\/en\/wp-json\/wp\/v2\/types\/post"}],"author":[{"embeddable":true,"href":"https:\/\/zjarr.tv\/en\/wp-json\/wp\/v2\/users\/2031"}],"replies":[{"embeddable":true,"href":"https:\/\/zjarr.tv\/en\/wp-json\/wp\/v2\/comments?post=249652"}],"version-history":[{"count":0,"href":"https:\/\/zjarr.tv\/en\/wp-json\/wp\/v2\/posts\/249652\/revisions"}],"wp:featuredmedia":[{"embeddable":true,"href":"https:\/\/zjarr.tv\/en\/wp-json\/wp\/v2\/media\/249653"}],"wp:attachment":[{"href":"https:\/\/zjarr.tv\/en\/wp-json\/wp\/v2\/media?parent=249652"}],"wp:term":[{"taxonomy":"category","embeddable":true,"href":"https:\/\/zjarr.tv\/en\/wp-json\/wp\/v2\/categories?post=249652"},{"taxonomy":"post_tag","embeddable":true,"href":"https:\/\/zjarr.tv\/en\/wp-json\/wp\/v2\/tags?post=249652"}],"curies":[{"name":"wp","href":"https:\/\/api.w.org\/{rel}","templated":true}]}}