{"id":249681,"date":"2022-04-08T07:03:01","date_gmt":"2022-04-08T05:03:01","guid":{"rendered":"https:\/\/zjarr.tv\/?p=249681"},"modified":"2022-04-08T07:03:01","modified_gmt":"2022-04-08T05:03:01","slug":"milva-ekonomi-flet-per-legalizimin-e-kanabisit-tregtimi-do-jete-i-kufizuar-ndikim-ne-sektorin-e-ekonomise","status":"publish","type":"post","link":"https:\/\/zjarr.tv\/en\/milva-ekonomi-flet-per-legalizimin-e-kanabisit-tregtimi-do-jete-i-kufizuar-ndikim-ne-sektorin-e-ekonomise\/","title":{"rendered":"Milva Ekonomi flet p\u00ebr legalizimin e kanabisit: Tregtimi do jet\u00eb i kufizuar, ndikim n\u00eb sektorin e ekonomis\u00eb"},"content":{"rendered":"<p>Ministrja e Shtetit p\u00ebr Standardet, Milva Ekonomi ka folur n\u00eb lidhje me legalizimin e kanabisit p\u00ebr q\u00ebllime mjek\u00ebsore q\u00eb e konfirmoi sot kryeministri, Edi Rama.<\/p>\n<p>Ekonomi tha se numri i kultivuesve dhe i tregtar\u00ebve do t\u00eb jet\u00eb i kufizuar. Nd\u00ebr t\u00eb tjera ministrja tregoi edhe sesi legalizimi i kanabisit do t\u00eb ndikoj\u00eb n\u00eb rritjen ekonomike.<\/p>\n<p>\u201cKa rregullime n\u00eb p\u00ebrdorim, tregtim, n\u00eb trego. Tregtimi do jet\u00eb i kufizuar. E gjitha do shikohet si nj\u00eb paket\u00eb q\u00eb do jet\u00eb shum\u00eb i kufizuar numri i atyre q\u00eb do  e prodhojn\u00eb, tregtojn\u00eb.<\/p>\n<p>Si \u00e7do sektor t\u00eb ri n\u00eb ekonomi do ket\u00eb nj\u00eb influenc\u00eb sepse aktivizon burime q\u00eb deri m\u00eb tani s\u2019kan\u00eb qen\u00eb t\u00eb aktivizuara. Do aktivizoj\u00eb sip\u00ebrfaqe toke, fuqi pun\u00ebtore, mekanik\u00eb. K\u00ebrkim  shkencor, p\u00ebrpunim, tregtim. Do ket\u00eb zinxhir n\u00ebnsektor\u00ebsh. Duke dal\u00eb sektor\u00eb t\u00eb rinj ato k\u00ebrkojn\u00eb t\u00eb pun\u00ebsojn\u00eb t\u00eb tjer\u00eb. Do ket\u00eb vler\u00eb m\u00eb t\u00eb madhe tregu. Ky \u00ebsht\u00eb sektor ekonomik dhe duhen par\u00eb disa vende q\u00eb e e kan\u00eb nj\u00eb taktik\u00eb t\u00eb ngjashme. S\u2019kemi t\u00eb b\u00ebjm\u00eb me p\u00ebrdorim masiv, do jet\u00eb i kufizuar, tregtimi s\u2019do jet\u00eb i lir\u00eb\u201d, tha Ekonomi.<\/p>","protected":false},"excerpt":{"rendered":"<p>Ministrja e Shtetit p\u00ebr Standardet, Milva Ekonomi ka folur n\u00eb lidhje me legalizimin e kanabisit p\u00ebr q\u00ebllime mjek\u00ebsore q\u00eb e konfirmoi sot kryeministri, Edi Rama. Ekonomi tha se numri i kultivuesve dhe i tregtar\u00ebve do t\u00eb jet\u00eb i kufizuar. Nd\u00ebr t\u00eb tjera ministrja tregoi edhe sesi legalizimi i kanabisit do t\u00eb ndikoj\u00eb n\u00eb rritjen ekonomike. [&hellip;]<\/p>\n","protected":false},"author":2031,"featured_media":158524,"comment_status":"closed","ping_status":"closed","sticky":false,"template":"","format":"standard","meta":{"footnotes":""},"categories":[241,231,235],"tags":[],"class_list":{"0":"post-249681","1":"post","2":"type-post","3":"status-publish","4":"format-standard","5":"has-post-thumbnail","7":"category-aktualitet","8":"category-lajme","9":"category-vendi"},"_links":{"self":[{"href":"https:\/\/zjarr.tv\/en\/wp-json\/wp\/v2\/posts\/249681","targetHints":{"allow":["GET"]}}],"collection":[{"href":"https:\/\/zjarr.tv\/en\/wp-json\/wp\/v2\/posts"}],"about":[{"href":"https:\/\/zjarr.tv\/en\/wp-json\/wp\/v2\/types\/post"}],"author":[{"embeddable":true,"href":"https:\/\/zjarr.tv\/en\/wp-json\/wp\/v2\/users\/2031"}],"replies":[{"embeddable":true,"href":"https:\/\/zjarr.tv\/en\/wp-json\/wp\/v2\/comments?post=249681"}],"version-history":[{"count":0,"href":"https:\/\/zjarr.tv\/en\/wp-json\/wp\/v2\/posts\/249681\/revisions"}],"wp:featuredmedia":[{"embeddable":true,"href":"https:\/\/zjarr.tv\/en\/wp-json\/wp\/v2\/media\/158524"}],"wp:attachment":[{"href":"https:\/\/zjarr.tv\/en\/wp-json\/wp\/v2\/media?parent=249681"}],"wp:term":[{"taxonomy":"category","embeddable":true,"href":"https:\/\/zjarr.tv\/en\/wp-json\/wp\/v2\/categories?post=249681"},{"taxonomy":"post_tag","embeddable":true,"href":"https:\/\/zjarr.tv\/en\/wp-json\/wp\/v2\/tags?post=249681"}],"curies":[{"name":"wp","href":"https:\/\/api.w.org\/{rel}","templated":true}]}}