{"id":250214,"date":"2022-04-10T15:35:37","date_gmt":"2022-04-10T13:35:37","guid":{"rendered":"https:\/\/zjarr.tv\/?p=250214"},"modified":"2022-04-10T15:35:37","modified_gmt":"2022-04-10T13:35:37","slug":"gent-strazimiri-une-zgjedh-te-jem-me-ameriken-e-frank-shkrelit","status":"publish","type":"post","link":"https:\/\/zjarr.tv\/en\/gent-strazimiri-une-zgjedh-te-jem-me-ameriken-e-frank-shkrelit\/","title":{"rendered":"Gent Strazimiri: Un\u00eb zgjedh t\u00eb jem me Amerik\u00ebn e Frank Shkrelit!"},"content":{"rendered":"<p>Nga Gent Strazimiri<\/p>\n<p>N\u00ebse ka \u201cdy Amerika\u201d, nj\u00eb e Ardian Dvoranit dhe nj\u00eb e Frank Shkrelit, un\u00eb zgjedh k\u00ebt\u00eb t\u00eb dyt\u00ebn sepse \u00ebsht\u00eb ajo e tim gjyshi, e tim eti!<\/p>\n<p>\u00cbsht\u00eb Amerika e dit\u00ebve m\u00eb shpres\u00ebdh\u00ebn\u00ebse t\u00eb jet\u00ebs sime, filimisht si \u00ebnd\u00ebrr e \u00e7artur n\u00ebn realitetin e \u201cArdian Dvoranit\u201d, e pastaj si \u00e7artje e nj\u00eb \u00ebndrre reale\u2026<\/p>\n<p>Zgjedh Amerik\u00ebn e nj\u00eb patrioti, shqiptar e amerikan nj\u00ebkoh\u00ebsisht, q\u00eb p\u00ebr shkak t\u00eb Amerik\u00ebs s\u00eb tij, jetoi e jeton si misionar i liris\u00eb, i fjal\u00ebs s\u00eb lir\u00eb e dinjitetit t\u00eb burrit e t\u00eb shqiptarit.<\/p>\n<p>P\u00ebr t\u00eb mbrojtur Amerik\u00ebn e Frank Shkrelit ia vlen \u00e7do sakrific\u00eb sepse \u00ebsht\u00eb \u201cfoleja\u201d ku gjysh\u00ebrit dhe et\u00ebrit \u201cfsheh\u00ebn\u201d d\u00ebshir\u00ebn p\u00ebr liri, me t\u00eb cil\u00ebn na ushqyen pak e nga pak n\u00eb ilegalitet\u2026<\/p>\n<p>Sepse n\u00eb koh\u00ebn e Ardian Dvoranit, liria ishte ilegale\u2026 si Amerika!<\/p>\n<p>Mbrojtjen deri n\u00eb fund ia kemi borxh Amerik\u00ebs s\u00eb Fran Shkrelit, sepse fal\u00eb besimit tek ajo;<\/p>\n<p>* guxuam t\u00eb ngrihemi n\u00eb 1990 \u2013 1991, pavar\u00ebsisht se ende s\u2019e kishim takuar;<\/p>\n<p>* q\u00ebndruam n\u00eb 1997-2005, pavar\u00ebsisht se dikush e kishte eklipsuar, dhe;<\/p>\n<p>* drejtuam kombin, deri aty ku as ne s\u2019e prisnim, n\u00eb 2005 \u2013 2013, kur erdhi n\u00eb Tiran\u00eb e na shtr\u00ebngoi duart!<\/p>\n<p>P\u00ebr Amerik\u00ebn e Frank Shkrelit, paguaj \u00e7do \u00e7mim, nj\u00ebsoj si p\u00ebr LIRIN\u00cb!<\/p>","protected":false},"excerpt":{"rendered":"<p>Nga Gent Strazimiri N\u00ebse ka \u201cdy Amerika\u201d, nj\u00eb e Ardian Dvoranit dhe nj\u00eb e Frank Shkrelit, un\u00eb zgjedh k\u00ebt\u00eb t\u00eb dyt\u00ebn sepse \u00ebsht\u00eb ajo e tim gjyshi, e tim eti! \u00cbsht\u00eb Amerika e dit\u00ebve m\u00eb shpres\u00ebdh\u00ebn\u00ebse t\u00eb jet\u00ebs sime, filimisht si \u00ebnd\u00ebrr e \u00e7artur n\u00ebn realitetin e \u201cArdian Dvoranit\u201d, e pastaj si \u00e7artje e nj\u00eb [&hellip;]<\/p>\n","protected":false},"author":2030,"featured_media":250215,"comment_status":"closed","ping_status":"closed","sticky":false,"template":"","format":"standard","meta":{"footnotes":""},"categories":[241,3366,5380,231],"tags":[],"class_list":{"0":"post-250214","1":"post","2":"type-post","3":"status-publish","4":"format-standard","5":"has-post-thumbnail","7":"category-aktualitet","8":"category-koment","9":"category-kryesore","10":"category-lajme"},"_links":{"self":[{"href":"https:\/\/zjarr.tv\/en\/wp-json\/wp\/v2\/posts\/250214","targetHints":{"allow":["GET"]}}],"collection":[{"href":"https:\/\/zjarr.tv\/en\/wp-json\/wp\/v2\/posts"}],"about":[{"href":"https:\/\/zjarr.tv\/en\/wp-json\/wp\/v2\/types\/post"}],"author":[{"embeddable":true,"href":"https:\/\/zjarr.tv\/en\/wp-json\/wp\/v2\/users\/2030"}],"replies":[{"embeddable":true,"href":"https:\/\/zjarr.tv\/en\/wp-json\/wp\/v2\/comments?post=250214"}],"version-history":[{"count":0,"href":"https:\/\/zjarr.tv\/en\/wp-json\/wp\/v2\/posts\/250214\/revisions"}],"wp:featuredmedia":[{"embeddable":true,"href":"https:\/\/zjarr.tv\/en\/wp-json\/wp\/v2\/media\/250215"}],"wp:attachment":[{"href":"https:\/\/zjarr.tv\/en\/wp-json\/wp\/v2\/media?parent=250214"}],"wp:term":[{"taxonomy":"category","embeddable":true,"href":"https:\/\/zjarr.tv\/en\/wp-json\/wp\/v2\/categories?post=250214"},{"taxonomy":"post_tag","embeddable":true,"href":"https:\/\/zjarr.tv\/en\/wp-json\/wp\/v2\/tags?post=250214"}],"curies":[{"name":"wp","href":"https:\/\/api.w.org\/{rel}","templated":true}]}}