{"id":250234,"date":"2022-04-10T16:54:23","date_gmt":"2022-04-10T14:54:23","guid":{"rendered":"https:\/\/zjarr.tv\/?p=250234"},"modified":"2022-04-10T16:54:23","modified_gmt":"2022-04-10T14:54:23","slug":"shpendet-e-ngordhura-te-rana-e-hedhun-panariti-te-bllokohen-hyrje-daljet-ne-nje-zone-prej-3-km","status":"publish","type":"post","link":"https:\/\/zjarr.tv\/en\/shpendet-e-ngordhura-te-rana-e-hedhun-panariti-te-bllokohen-hyrje-daljet-ne-nje-zone-prej-3-km\/","title":{"rendered":"Shpend\u00ebt e ngordhura te \u201cRana e Hedhun\u201d, Panariti: T\u00eb bllokohen hyrje-daljet n\u00eb nj\u00eb zon\u00eb prej 3 km"},"content":{"rendered":"<p>Ish-ministri i Bujq\u00ebsis\u00eb, k\u00ebshilltari i presidentit Ilir Meta, Edmond Panariti b\u00ebn thirrje p\u00ebr shnd\u00ebrrimin e zon\u00ebs s\u00eb plazhit te \u201cRana e Hedhun\u201d n\u00eb zon\u00eb karantine me nj\u00eb rreze prej 3 kilometrash, pas zbulimit t\u00eb disa shpend\u00ebve t\u00eb ngordhura.<\/p>\n<p>Rreth kat\u00ebr pula u gjet\u00ebn t\u00eb hedhura n\u00eb k\u00ebt\u00eb zon\u00eb, shpend\u00ebt ishin t\u00eb dekompozuara dhe dyshohet se mund t\u00eb ken\u00eb ngordhur p\u00ebr shkak t\u00eb vitusit t\u00eb gripit t\u00eb shpend\u00ebve.<\/p>\n<p>Panariti b\u00ebn thirrje p\u00ebr dezinfektimin e zon\u00ebs, si dhe plugimin dhe p\u00ebrmbysjen e thell\u00eb t\u00eb t\u00eb gjith\u00eb sip\u00ebrfaqes s\u00eb plazhit.<\/p>\n<p>Shkrimi i Panaritit n\u00eb rrjetet sociale:<\/p>\n<p>Ja ku i keni, arm\u00ebt \u201cbakteriologjike\u201d sheshit dhe n\u00eb veprim.<\/p>\n<p>Buz\u00eb detit, dhe n\u00eb prag t\u00eb sezonit turistik !<\/p>\n<p>Mu si\u00a0 n\u00eb mesjet\u00eb, kur pushtuesit \u201cflaknin\u201d kafsh\u00eb dhe shpend\u00eb t\u00eb infektuar n\u00eb zona t\u00eb\u00a0 banuara p\u00ebr t\u00eb d\u00ebmtuar popullsin\u00eb.<\/p>\n<p>Ajo zon\u00eb duhet t\u00eb kthehet urgjentisht n\u00eb karantin\u00eb dhe t\u00eb bllokohen l\u00ebvizjet dhe hyrje daljet n\u00eb t\u00eb n\u00eb nj\u00eb rreze prej 3 km.<\/p>\n<p>T\u00eb fillohet me dezinfektimin e zones. Heqje e shtres\u00ebs sip\u00ebrfaq\u00ebsore t\u00eb r\u00ebr\u00ebs me kujdes dhe largimin e saj n\u00eb kontejner\u00eb t\u00eb posa\u00e7\u00ebm.<\/p>\n<p>M\u00eb pas plugim dhe p\u00ebrmbysje e thell\u00eb e gjith\u00eb sip\u00ebrfaqes s\u00eb zon\u00ebs s\u00eb plazhit.<\/p>\n<p>T\u00eb gjurmohet origjina dhe shkaku i ngordhjeve.<\/p>\n<p>Jemi ende n\u00eb syrin e ciklonit t\u00eb epidemis\u00eb s\u00eb gripit t\u00eb shpend\u00ebve.<\/p>\n<p>\u00c7far\u00eb prisni!!<\/p>","protected":false},"excerpt":{"rendered":"<p>Ish-ministri i Bujq\u00ebsis\u00eb, k\u00ebshilltari i presidentit Ilir Meta, Edmond Panariti b\u00ebn thirrje p\u00ebr shnd\u00ebrrimin e zon\u00ebs s\u00eb plazhit te \u201cRana e Hedhun\u201d n\u00eb zon\u00eb karantine me nj\u00eb rreze prej 3 kilometrash, pas zbulimit t\u00eb disa shpend\u00ebve t\u00eb ngordhura. Rreth kat\u00ebr pula u gjet\u00ebn t\u00eb hedhura n\u00eb k\u00ebt\u00eb zon\u00eb, shpend\u00ebt ishin t\u00eb dekompozuara dhe dyshohet se [&hellip;]<\/p>\n","protected":false},"author":2030,"featured_media":250181,"comment_status":"closed","ping_status":"closed","sticky":false,"template":"","format":"standard","meta":{"footnotes":""},"categories":[241,3366,5380,231,1454],"tags":[],"class_list":{"0":"post-250234","1":"post","2":"type-post","3":"status-publish","4":"format-standard","5":"has-post-thumbnail","7":"category-aktualitet","8":"category-koment","9":"category-kryesore","10":"category-lajme","11":"category-politike"},"_links":{"self":[{"href":"https:\/\/zjarr.tv\/en\/wp-json\/wp\/v2\/posts\/250234","targetHints":{"allow":["GET"]}}],"collection":[{"href":"https:\/\/zjarr.tv\/en\/wp-json\/wp\/v2\/posts"}],"about":[{"href":"https:\/\/zjarr.tv\/en\/wp-json\/wp\/v2\/types\/post"}],"author":[{"embeddable":true,"href":"https:\/\/zjarr.tv\/en\/wp-json\/wp\/v2\/users\/2030"}],"replies":[{"embeddable":true,"href":"https:\/\/zjarr.tv\/en\/wp-json\/wp\/v2\/comments?post=250234"}],"version-history":[{"count":0,"href":"https:\/\/zjarr.tv\/en\/wp-json\/wp\/v2\/posts\/250234\/revisions"}],"wp:featuredmedia":[{"embeddable":true,"href":"https:\/\/zjarr.tv\/en\/wp-json\/wp\/v2\/media\/250181"}],"wp:attachment":[{"href":"https:\/\/zjarr.tv\/en\/wp-json\/wp\/v2\/media?parent=250234"}],"wp:term":[{"taxonomy":"category","embeddable":true,"href":"https:\/\/zjarr.tv\/en\/wp-json\/wp\/v2\/categories?post=250234"},{"taxonomy":"post_tag","embeddable":true,"href":"https:\/\/zjarr.tv\/en\/wp-json\/wp\/v2\/tags?post=250234"}],"curies":[{"name":"wp","href":"https:\/\/api.w.org\/{rel}","templated":true}]}}