{"id":250643,"date":"2022-04-11T19:12:28","date_gmt":"2022-04-11T17:12:28","guid":{"rendered":"https:\/\/zjarr.tv\/?p=250643"},"modified":"2022-04-11T19:12:28","modified_gmt":"2022-04-11T17:12:28","slug":"kujtova-se-me-shau-ndonje-i-races-time-rama-kapet-ne-befasi-ne-berlin-ai-momenti-kur-bertet-gjermani-nga-larg","status":"publish","type":"post","link":"https:\/\/zjarr.tv\/en\/kujtova-se-me-shau-ndonje-i-races-time-rama-kapet-ne-befasi-ne-berlin-ai-momenti-kur-bertet-gjermani-nga-larg\/","title":{"rendered":"\u201cKujtova se m\u00eb shau ndonj\u00eb i rac\u00ebs time\u201d, Rama \u201ckapet n\u00eb befasi\u201d n\u00eb Berlin: Ai momenti kur b\u00ebrtet gjermani nga larg"},"content":{"rendered":"<p>Kryeministri Edi Rama ndodhet sot n\u00eb nj\u00eb vizit\u00eb zyrtare n\u00eb Gjermani ku si\u00e7 \u00ebsht\u00eb planifikuar, n\u00eb or\u00ebt e para t\u00eb mbr\u00ebmjes do t\u00eb mbaj\u00ebe edhe nj\u00eb konferenc\u00eb p\u00ebr shtyp me kancelarin Olaf Scholz.<\/p>\n<p>Gjat\u00eb vizit\u00ebs s\u00eb tij, Rama ka zhvilluar nj\u00eb takim me Kryetaren e Bashkis\u00eb s\u00eb Berlinit Franziska Giffey. N\u00eb dalje t\u00eb godin\u00ebs s\u00eb bashkis\u00eb Rama \u00ebsht\u00eb pritur nga nj\u00eb qytetar gjerman i cili i k\u00ebrkon autograf sepse ishte nj\u00eb adhurues i pikturave t\u00eb kryeministrit shqiptar.<\/p>\n<p>Postimi i Plot\u00eb nga kryeministri, Edi Rama:<\/p>\n<p>Ai momenti kur t\u00eb b\u00ebrtet gjermani nga larg dhe ti kujton se po t\u00eb shan ndonj\u00eb i rac\u00ebs t\u00ebnde<\/p>","protected":false},"excerpt":{"rendered":"<p>Kryeministri Edi Rama ndodhet sot n\u00eb nj\u00eb vizit\u00eb zyrtare n\u00eb Gjermani ku si\u00e7 \u00ebsht\u00eb planifikuar, n\u00eb or\u00ebt e para t\u00eb mbr\u00ebmjes do t\u00eb mbaj\u00ebe edhe nj\u00eb konferenc\u00eb p\u00ebr shtyp me kancelarin Olaf Scholz. Gjat\u00eb vizit\u00ebs s\u00eb tij, Rama ka zhvilluar nj\u00eb takim me Kryetaren e Bashkis\u00eb s\u00eb Berlinit Franziska Giffey. N\u00eb dalje t\u00eb godin\u00ebs s\u00eb [&hellip;]<\/p>\n","protected":false},"author":2030,"featured_media":250644,"comment_status":"closed","ping_status":"closed","sticky":false,"template":"","format":"standard","meta":{"footnotes":""},"categories":[241,3366],"tags":[],"class_list":{"0":"post-250643","1":"post","2":"type-post","3":"status-publish","4":"format-standard","5":"has-post-thumbnail","7":"category-aktualitet","8":"category-koment"},"_links":{"self":[{"href":"https:\/\/zjarr.tv\/en\/wp-json\/wp\/v2\/posts\/250643","targetHints":{"allow":["GET"]}}],"collection":[{"href":"https:\/\/zjarr.tv\/en\/wp-json\/wp\/v2\/posts"}],"about":[{"href":"https:\/\/zjarr.tv\/en\/wp-json\/wp\/v2\/types\/post"}],"author":[{"embeddable":true,"href":"https:\/\/zjarr.tv\/en\/wp-json\/wp\/v2\/users\/2030"}],"replies":[{"embeddable":true,"href":"https:\/\/zjarr.tv\/en\/wp-json\/wp\/v2\/comments?post=250643"}],"version-history":[{"count":0,"href":"https:\/\/zjarr.tv\/en\/wp-json\/wp\/v2\/posts\/250643\/revisions"}],"wp:featuredmedia":[{"embeddable":true,"href":"https:\/\/zjarr.tv\/en\/wp-json\/wp\/v2\/media\/250644"}],"wp:attachment":[{"href":"https:\/\/zjarr.tv\/en\/wp-json\/wp\/v2\/media?parent=250643"}],"wp:term":[{"taxonomy":"category","embeddable":true,"href":"https:\/\/zjarr.tv\/en\/wp-json\/wp\/v2\/categories?post=250643"},{"taxonomy":"post_tag","embeddable":true,"href":"https:\/\/zjarr.tv\/en\/wp-json\/wp\/v2\/tags?post=250643"}],"curies":[{"name":"wp","href":"https:\/\/api.w.org\/{rel}","templated":true}]}}