{"id":250674,"date":"2022-04-12T04:44:29","date_gmt":"2022-04-12T02:44:29","guid":{"rendered":"https:\/\/zjarr.tv\/?p=250674"},"modified":"2022-04-12T04:44:29","modified_gmt":"2022-04-12T02:44:29","slug":"plarent-ndreca-spak-nuk-duhet-ta-neglizhoje-informacionin-e-departamentit-te-thesarit-per-rakipin-dhe-ndroqin","status":"publish","type":"post","link":"https:\/\/zjarr.tv\/en\/plarent-ndreca-spak-nuk-duhet-ta-neglizhoje-informacionin-e-departamentit-te-thesarit-per-rakipin-dhe-ndroqin\/","title":{"rendered":"Plarent Ndreca: SPAK nuk duhet ta neglizhoj\u00eb informacionin e Departamentit t\u00eb Thesarit p\u00ebr Rakipin dhe Ndroqin"},"content":{"rendered":"<p>Avokati Plarent Ndreca thot\u00eb se SPAK-u nuk duhet ta neglizhoj\u00eb informacionin q\u00eb ka dh\u00ebn\u00eb Departamenti Amerikan i Thesarit p\u00ebr sanksionimin e ish-deputetit Aqif Rakipi dhe biznesmenit Ylli Ndroqi. <\/p>\n<p>Megjithat\u00eb ndreca tha se vendimet e Departamentit t\u00eb Thesarit bazohen n\u00eb informacione, nd\u00ebrsa SPAK k\u00ebrkon prova. <\/p>\n<p>\u201c\u00cbsht\u00eb nj\u00eb informacion q\u00eb SPAK-u nuk duhet ta neglizhoj\u00eb, madje un\u00eb kam d\u00ebgjuar dhe zotin Eskobar q\u00eb e ka n\u00ebnvizuar k\u00ebt\u00eb fakt. Se sa kapacitet ka p\u00ebr t\u00eb shkuar deri te prova, sepse duhet t\u00eb kemi nj\u00eb gj\u00eb parasysh, q\u00eb k\u00ebto vendime zakonisht bazohen n\u00eb informacione, SPAK-u k\u00ebrkon prova. <\/p>\n<p>Ky \u00ebsht\u00eb urdh\u00ebr ekzekutiv, kan\u00eb sistemet e tyre t\u00eb njoftimit p\u00ebr transaksione dhe b\u00ebhet fjal\u00eb p\u00ebr subjektet e tyre amerikane. Pasurit\u00eb, n\u00ebse kan\u00eb vendosen n\u00ebn sekuestro. Ajo q\u00eb duhet, ka nj\u00eb ndryshim, p\u00ebrmenden familjar\u00ebt\u201d, u shpreh Ndreca n\u00eb emisionin \u201cOpinion\u201d.<\/p>","protected":false},"excerpt":{"rendered":"<p>Avokati Plarent Ndreca thot\u00eb se SPAK-u nuk duhet ta neglizhoj\u00eb informacionin q\u00eb ka dh\u00ebn\u00eb Departamenti Amerikan i Thesarit p\u00ebr sanksionimin e ish-deputetit Aqif Rakipi dhe biznesmenit Ylli Ndroqi. Megjithat\u00eb ndreca tha se vendimet e Departamentit t\u00eb Thesarit bazohen n\u00eb informacione, nd\u00ebrsa SPAK k\u00ebrkon prova. \u201c\u00cbsht\u00eb nj\u00eb informacion q\u00eb SPAK-u nuk duhet ta neglizhoj\u00eb, madje un\u00eb [&hellip;]<\/p>\n","protected":false},"author":2031,"featured_media":250675,"comment_status":"closed","ping_status":"closed","sticky":false,"template":"","format":"standard","meta":{"footnotes":""},"categories":[241,231,235],"tags":[],"class_list":{"0":"post-250674","1":"post","2":"type-post","3":"status-publish","4":"format-standard","5":"has-post-thumbnail","7":"category-aktualitet","8":"category-lajme","9":"category-vendi"},"_links":{"self":[{"href":"https:\/\/zjarr.tv\/en\/wp-json\/wp\/v2\/posts\/250674","targetHints":{"allow":["GET"]}}],"collection":[{"href":"https:\/\/zjarr.tv\/en\/wp-json\/wp\/v2\/posts"}],"about":[{"href":"https:\/\/zjarr.tv\/en\/wp-json\/wp\/v2\/types\/post"}],"author":[{"embeddable":true,"href":"https:\/\/zjarr.tv\/en\/wp-json\/wp\/v2\/users\/2031"}],"replies":[{"embeddable":true,"href":"https:\/\/zjarr.tv\/en\/wp-json\/wp\/v2\/comments?post=250674"}],"version-history":[{"count":0,"href":"https:\/\/zjarr.tv\/en\/wp-json\/wp\/v2\/posts\/250674\/revisions"}],"wp:featuredmedia":[{"embeddable":true,"href":"https:\/\/zjarr.tv\/en\/wp-json\/wp\/v2\/media\/250675"}],"wp:attachment":[{"href":"https:\/\/zjarr.tv\/en\/wp-json\/wp\/v2\/media?parent=250674"}],"wp:term":[{"taxonomy":"category","embeddable":true,"href":"https:\/\/zjarr.tv\/en\/wp-json\/wp\/v2\/categories?post=250674"},{"taxonomy":"post_tag","embeddable":true,"href":"https:\/\/zjarr.tv\/en\/wp-json\/wp\/v2\/tags?post=250674"}],"curies":[{"name":"wp","href":"https:\/\/api.w.org\/{rel}","templated":true}]}}