{"id":250685,"date":"2022-04-12T06:59:16","date_gmt":"2022-04-12T04:59:16","guid":{"rendered":"https:\/\/zjarr.tv\/?p=250685"},"modified":"2022-04-12T06:59:16","modified_gmt":"2022-04-12T04:59:16","slug":"milaim-zeka-enver-hoxha-do-e-kishte-lakmi-ramen-nje-erdogan-100-i-shqiperise","status":"publish","type":"post","link":"https:\/\/zjarr.tv\/en\/milaim-zeka-enver-hoxha-do-e-kishte-lakmi-ramen-nje-erdogan-100-i-shqiperise\/","title":{"rendered":"Milaim Zeka: Enver Hoxha do e kishte lakmi Ram\u00ebn, nj\u00eb Erdogan 100% i Shqip\u00ebris\u00eb"},"content":{"rendered":"<p>Gazetari Milaim Zeka tha n\u00eb emisionin \u2018\u00c7im Peka Live\u2019 n\u00eb Syri Tv se edhe Enver Hoxha do ta kishte zili Edi Ram\u00ebn pasi nuk ka pasur pushtet sa ky i fundit. Zeka tha se n\u00eb koh\u00ebn e Enver Hoxh\u00ebs, s\u2019ka pasur kontroll absolut mbi shtetin dhe median.<\/p>\n<p>\u201cEnver Hoxha do ja kishte lakmin\u00eb Ram\u00ebs, n\u00eb koh\u00ebn e tij s\u2019ka pasur kontroll absolut mbi shteitn, mediat. Nuk \u00ebsht\u00eb talluar Hoxha me gazetar\u00ebs si\u00e7 tallet Rama. Rama \u00ebsht\u00eb kthyer n\u00eb nj\u00eb Erdogan 100% i Shqip\u00ebris\u00eb. Ka pafytyr\u00ebsin\u00eb e tij m\u00eb t\u00eb madhe p\u00ebr tu tallur me qytetar\u00ebt dhe me mediat. Qeveria n\u00eb Shqip\u00ebri dhe n\u00eb Kosov\u00eb na kan\u00eb vrar\u00eb dhe \u00ebndrrat. Qytetar\u00ebt n\u00eb Kosov\u00eb m\u00eb thon\u00eb se mezi presin t\u00eb largohen nga vendi, t\u00eb arratisen.\u201d-tha Zeka.<\/p>","protected":false},"excerpt":{"rendered":"<p>Gazetari Milaim Zeka tha n\u00eb emisionin \u2018\u00c7im Peka Live\u2019 n\u00eb Syri Tv se edhe Enver Hoxha do ta kishte zili Edi Ram\u00ebn pasi nuk ka pasur pushtet sa ky i fundit. Zeka tha se n\u00eb koh\u00ebn e Enver Hoxh\u00ebs, s\u2019ka pasur kontroll absolut mbi shtetin dhe median. \u201cEnver Hoxha do ja kishte lakmin\u00eb Ram\u00ebs, n\u00eb [&hellip;]<\/p>\n","protected":false},"author":2031,"featured_media":161642,"comment_status":"closed","ping_status":"closed","sticky":false,"template":"","format":"standard","meta":{"footnotes":""},"categories":[241,231,235],"tags":[],"class_list":{"0":"post-250685","1":"post","2":"type-post","3":"status-publish","4":"format-standard","5":"has-post-thumbnail","7":"category-aktualitet","8":"category-lajme","9":"category-vendi"},"_links":{"self":[{"href":"https:\/\/zjarr.tv\/en\/wp-json\/wp\/v2\/posts\/250685","targetHints":{"allow":["GET"]}}],"collection":[{"href":"https:\/\/zjarr.tv\/en\/wp-json\/wp\/v2\/posts"}],"about":[{"href":"https:\/\/zjarr.tv\/en\/wp-json\/wp\/v2\/types\/post"}],"author":[{"embeddable":true,"href":"https:\/\/zjarr.tv\/en\/wp-json\/wp\/v2\/users\/2031"}],"replies":[{"embeddable":true,"href":"https:\/\/zjarr.tv\/en\/wp-json\/wp\/v2\/comments?post=250685"}],"version-history":[{"count":0,"href":"https:\/\/zjarr.tv\/en\/wp-json\/wp\/v2\/posts\/250685\/revisions"}],"wp:featuredmedia":[{"embeddable":true,"href":"https:\/\/zjarr.tv\/en\/wp-json\/wp\/v2\/media\/161642"}],"wp:attachment":[{"href":"https:\/\/zjarr.tv\/en\/wp-json\/wp\/v2\/media?parent=250685"}],"wp:term":[{"taxonomy":"category","embeddable":true,"href":"https:\/\/zjarr.tv\/en\/wp-json\/wp\/v2\/categories?post=250685"},{"taxonomy":"post_tag","embeddable":true,"href":"https:\/\/zjarr.tv\/en\/wp-json\/wp\/v2\/tags?post=250685"}],"curies":[{"name":"wp","href":"https:\/\/api.w.org\/{rel}","templated":true}]}}