{"id":251251,"date":"2022-04-14T06:48:33","date_gmt":"2022-04-14T04:48:33","guid":{"rendered":"https:\/\/zjarr.tv\/?p=251251"},"modified":"2022-04-14T06:48:33","modified_gmt":"2022-04-14T04:48:33","slug":"e-thumbojne-per-gjendjen-fizike-dhe-moshen-berisha-tregon-oren-shikoje-kam-8-mije-hapa-sot","status":"publish","type":"post","link":"https:\/\/zjarr.tv\/en\/e-thumbojne-per-gjendjen-fizike-dhe-moshen-berisha-tregon-oren-shikoje-kam-8-mije-hapa-sot\/","title":{"rendered":"E \u201cthumbojn\u00eb\u201d p\u00ebr gjendjen fizike dhe mosh\u00ebn, Berisha tregon or\u00ebn: Shikoje, kam 8 mij\u00eb hapa sot"},"content":{"rendered":"<p>Ish-Kryeministri \u00ebsht\u00eb \u201cngacmuar\u201d nga gazetar\u00ebt n\u00eb lidhje me gjendjen e tij fizike dhe p\u00ebr mosh\u00ebn duke e lidhur me rikthimin e tij n\u00eb politik\u00eb.<\/p>\n<p>Berisha ka treguar or\u00ebn, duke th\u00ebn\u00eb se ka nj\u00eb jet\u00eb shum\u00eb aktive dhje duke th\u00ebn\u00eb se sot kishte b\u00ebr\u00eb 8 mij\u00eb hapa.<\/p>\n<p>\u201cRikthimi nuk \u00ebsht\u00eb d\u00ebshir\u00eb, \u00ebsht\u00eb m\u00eb shum\u00eb. Tani un\u00eb mora 31%. Pa logo! Edhe mb\u00ebshtetja e LSI, por ishte shum\u00eb e kushtueshme.<\/p>\n<p>Mosha n\u00eb politik\u00eb? Sot jam drejt 78 vjet\u00ebve, n\u00ebse m\u00eb pyet sesi ndjehem nga brenda, ju garantoj q\u00eb sot ndjehem m\u00eb mir\u00eb se kur jam larguar nga pushteti. Jam i apasionuar pas ecjes, b\u00ebj pa frik\u00eb 10 mij\u00eb hapa. N\u00eb 2013, kur b\u00ebja aq ecje duhet q\u00eb t\u00eb b\u00ebja streching 10 minuta p\u00ebr t\u00eb qet\u00ebsuar dhimbjen e muskujve. Sot nuk ekziston. Sa hapa kam tek kjo or\u00eb, kam 8 mij\u00eb hapa\u201dtha ai.<\/p>","protected":false},"excerpt":{"rendered":"<p>Ish-Kryeministri \u00ebsht\u00eb \u201cngacmuar\u201d nga gazetar\u00ebt n\u00eb lidhje me gjendjen e tij fizike dhe p\u00ebr mosh\u00ebn duke e lidhur me rikthimin e tij n\u00eb politik\u00eb. Berisha ka treguar or\u00ebn, duke th\u00ebn\u00eb se ka nj\u00eb jet\u00eb shum\u00eb aktive dhje duke th\u00ebn\u00eb se sot kishte b\u00ebr\u00eb 8 mij\u00eb hapa. \u201cRikthimi nuk \u00ebsht\u00eb d\u00ebshir\u00eb, \u00ebsht\u00eb m\u00eb shum\u00eb. Tani un\u00eb [&hellip;]<\/p>\n","protected":false},"author":2031,"featured_media":251252,"comment_status":"closed","ping_status":"closed","sticky":false,"template":"","format":"standard","meta":{"footnotes":""},"categories":[241,231,235],"tags":[],"class_list":{"0":"post-251251","1":"post","2":"type-post","3":"status-publish","4":"format-standard","5":"has-post-thumbnail","7":"category-aktualitet","8":"category-lajme","9":"category-vendi"},"_links":{"self":[{"href":"https:\/\/zjarr.tv\/en\/wp-json\/wp\/v2\/posts\/251251","targetHints":{"allow":["GET"]}}],"collection":[{"href":"https:\/\/zjarr.tv\/en\/wp-json\/wp\/v2\/posts"}],"about":[{"href":"https:\/\/zjarr.tv\/en\/wp-json\/wp\/v2\/types\/post"}],"author":[{"embeddable":true,"href":"https:\/\/zjarr.tv\/en\/wp-json\/wp\/v2\/users\/2031"}],"replies":[{"embeddable":true,"href":"https:\/\/zjarr.tv\/en\/wp-json\/wp\/v2\/comments?post=251251"}],"version-history":[{"count":0,"href":"https:\/\/zjarr.tv\/en\/wp-json\/wp\/v2\/posts\/251251\/revisions"}],"wp:featuredmedia":[{"embeddable":true,"href":"https:\/\/zjarr.tv\/en\/wp-json\/wp\/v2\/media\/251252"}],"wp:attachment":[{"href":"https:\/\/zjarr.tv\/en\/wp-json\/wp\/v2\/media?parent=251251"}],"wp:term":[{"taxonomy":"category","embeddable":true,"href":"https:\/\/zjarr.tv\/en\/wp-json\/wp\/v2\/categories?post=251251"},{"taxonomy":"post_tag","embeddable":true,"href":"https:\/\/zjarr.tv\/en\/wp-json\/wp\/v2\/tags?post=251251"}],"curies":[{"name":"wp","href":"https:\/\/api.w.org\/{rel}","templated":true}]}}