{"id":251681,"date":"2022-04-16T11:45:30","date_gmt":"2022-04-16T09:45:30","guid":{"rendered":"https:\/\/zjarr.tv\/?p=251681"},"modified":"2022-04-16T11:45:30","modified_gmt":"2022-04-16T09:45:30","slug":"termocentrali-i-vlores-planifikohet-te-konvertohet-me-gaz-marreveshja-me-amerikanet-pritet-ta-vere-ne-pune","status":"publish","type":"post","link":"https:\/\/zjarr.tv\/en\/termocentrali-i-vlores-planifikohet-te-konvertohet-me-gaz-marreveshja-me-amerikanet-pritet-ta-vere-ne-pune\/","title":{"rendered":"Termocentrali i Vlor\u00ebs planifikohet t\u00eb konvertohet me gaz, marr\u00ebveshja me amerikan\u00ebt pritet ta v\u00ebr\u00eb n\u00eb pun\u00eb"},"content":{"rendered":"<p>Termocentrali i Vlor\u00ebs, me kapacitet t\u00eb instaluar 98 MW, mbetet vepra e vetme e nd\u00ebrtuar n\u00eb kuad\u00ebr t\u00eb diversifikimit, i cili nuk ka punuar asnj\u00eb dit\u00eb p\u00ebr shkak t\u00eb problematik\u00ebs me sistemin e ftohjes.<\/p>\n<p>\u201cEdhe gjat\u00eb vitit 2021, shoq\u00ebria TEC Vlora sh.a., ka kryer aktivitetin e saj n\u00eb lidhje me konservimin e asetit gjenerues, i cili nuk \u00ebsht\u00eb n\u00eb gjendje pune, p\u00ebr shkak t\u00eb problematikave t\u00eb shfaqura q\u00eb nga viti 2012\u201d raportoi ERE.<\/p>\n<p>Kostoja e prodhimit t\u00eb energjis\u00eb nga ky termocentral vler\u00ebsohej jasht\u00ebzakonisht e lart\u00eb, por ai u nd\u00ebrtua si nj\u00eb vep\u00ebr alternative q\u00eb do t\u00eb furnizonte nj\u00eb pjes\u00eb t\u00eb vendit n\u00eb kushtet e nj\u00eb situate t\u00eb jasht\u00ebzakonshme. Tentativat e qeveris\u00eb p\u00ebr ta dh\u00ebn\u00eb me koncesion k\u00ebt\u00eb vep\u00ebr nuk rezultuan t\u00eb suksesshme, nd\u00ebrkoh\u00eb q\u00eb tashm\u00eb ka nj\u00eb p\u00ebrpjekje q\u00eb ky TEC t\u00eb kaloj\u00eb n\u00eb prodhim me gaz t\u00eb energjis\u00eb.<\/p>\n<p>Kjo alternativ\u00eb erdhi pas n\u00ebnshkrimit t\u00eb nj\u00eb marr\u00ebveshjeje n\u00eb Shtetet e Bashkuara t\u00eb Amerik\u00ebs mes Ministris\u00eb s\u00eb Infrastruktur\u00ebs dhe Energjis\u00eb dhe kompanive Amerikane, Exxon Mobil dhe Excelerate Energy, p\u00ebr vler\u00ebsimin e kuadrit rregullator teknik dhe komercial t\u00eb futjes s\u00eb Gazit Natyror t\u00eb L\u00ebng\u00ebt (GNL) n\u00eb Shqip\u00ebri.<\/p>\n<p>Sipas ERE-s po studiohet mund\u00ebsia e nd\u00ebrtimit t\u00eb nj\u00eb Terminali Rajonal n\u00eb Gjirin e Vlor\u00ebs, i cili do t\u2019i sh\u00ebrbej\u00eb jo vet\u00ebm p\u00ebr vendosjen n\u00eb pun\u00eb t\u00eb TEC Vlora (kapaciteti aktual plus kapacitet shtes\u00eb i cili \u00ebsht\u00eb n\u00eb faz\u00eb studimi fizibiliteti) por gjithashtu do t\u00eb sh\u00ebrbej\u00eb potencialisht si nj\u00eb burim alternativ furnizimi me gaz p\u00ebr tubacionin Fier \u2013 Vlor\u00eb \u2013 Fier. Ky terminal do t\u00eb sh\u00ebrbej\u00eb gjithashtu p\u00ebr zhvillimin e m\u00ebtejsh\u00ebm t\u00eb tregut t\u00eb gazit n\u00eb Shqip\u00ebri, n\u00ebp\u00ebrmjet shp\u00ebrndarjes n\u00eb zon\u00ebn e Jugut.<\/p>\n<p>\u201cMarr\u00ebveshja p\u00ebrfshin zinxhirin e plot\u00eb, duke nisur nga konvertimi i TEC Vlor\u00eb me GNL, tek nd\u00ebrtimi i nj\u00eb terminali t\u00eb ri gazifikimi, duke shnd\u00ebrruar k\u00ebshtu Vlor\u00ebn n\u00eb pik\u00eb rajonale shp\u00ebrndar\u00ebse.<\/p>\n<p>Marr\u00ebveshja p\u00ebr TEC Vlora, nd\u00ebr t\u00eb tjera do t\u00eb garantoj\u00eb edhe sigurin\u00eb e furnizimit me energji, e cila \u00ebsht\u00eb e nevojshme s\u00eb paku p\u00ebr nj\u00eb burim t\u00eb besuesh\u00ebm p\u00ebr prodhimin e energjis\u00eb elektrike dhe termocentrali i Vlor\u00ebs \u00ebsht\u00eb konsideruar prej nj\u00eb kohe t\u00eb gjat\u00eb si nj\u00eb burim i till\u00eb\u201d \u2013 thuhet n\u00eb dokumentin e ERE.<\/p>\n<p>Pavar\u00ebsisht r\u00ebnd\u00ebsis\u00eb q\u00eb ka nj\u00eb projekt si ky p\u00ebr diversifikimin, fakt \u00ebsht\u00eb q\u00eb ende jemi larg konkretizimit.<\/p>\n<p>Dy anije n\u00eb Triport p\u00ebr t\u00eb prodhuar energji, pak detaje mbi aspektet financiare<\/p>\n<p>Pak muaj m\u00eb par\u00eb, Korporata Elektroenergjetike Shqiptare hapi nj\u00eb procedur\u00eb ku k\u00ebrkonte marrjen me qira t\u00eb aseteve termike p\u00ebr prodhim energjie, si nj\u00eb alternativ\u00eb q\u00eb do t\u00eb plot\u00ebsonte konsumin n\u00eb vend n\u00eb kushtet e kriz\u00ebs globale. Vet\u00ebm pak dit\u00eb m\u00eb par\u00eb, KESH dhe Albgaz njoftuan se procedura ishte mbyllur dhe fitues ishte bashkimi i kompanive Exelerate Energy and Renco s.p.a.<\/p>\n<p>\u201cMe mb\u00ebshtetjen edhe t\u00eb ambasadores s\u00eb SHBA-s\u00eb por edhe kompanis\u00eb Exelerate e cila punon sot p\u00ebr projektin e TEC Vlor\u00ebs kemi arritur nj\u00eb marr\u00ebveshje p\u00ebr t\u00eb marr\u00eb me qira dhe p\u00ebr t\u00eb ankoruar n\u00eb Triport n\u00eb Vlor\u00eb dy anije prodhuese t\u00eb energjis\u00eb, t\u00eb cilat do t\u00eb ofrojn\u00eb k\u00ebt\u00eb sh\u00ebrbim derisa TEC-i i Vlor\u00ebs t\u00eb vendoset n\u00eb pun\u00eb.<\/p>\n<p>Jan\u00eb TEC-e lundruese. K\u00ebtu nisim faz\u00ebn e par\u00eb t\u00eb TEC Vlor\u00ebs, pasi kjo do t\u00eb na garantoj\u00eb q\u00eb edhe gjat\u00eb periudh\u00ebs s\u00eb ver\u00ebs t\u00eb kemi pavar\u00ebsi energjetike q\u00eb do t\u00eb prodhohet nga ato anije, sigurisht e kufizuar, por edhe e misheluar (shkrir\u00eb) me kaskad\u00ebn, importet afatgjata q\u00eb kemi vendosur, por edhe shk\u00ebmbimin energjetik\u201d \u2013 tha ministrja Balluku n\u00eb mbledhjen e Komitetit t\u00eb Energjis\u00eb.<\/p>\n<p>Kreu i Albgaz, Arb\u00ebr Avrami, dha gjithashtu disa detaje, duke n\u00ebnvizuar se kapaciteti i dy anijeve q\u00eb do t\u00eb jen\u00eb t\u00eb stacionuara n\u00eb zon\u00ebn e Triportit \u00ebsht\u00eb 114 MWh.<\/p>\n<p>\u201cSigurisht q\u00eb kjo kontrat\u00eb do t\u00eb zgjas\u00eb p\u00ebr dy vjet, do t\u00eb p\u00ebrdoret n\u00eb rastet emergjente. V\u00ebnia n\u00eb funksion e k\u00ebtij plani do t\u00eb k\u00ebrkoj\u00eb disa hapa dhe nd\u00ebrhyrje n\u00eb infrastruktur\u00eb dhe shpresojm\u00eb q\u00eb makinerit\u00eb t\u00eb vihen n\u00eb pun\u00eb brenda tre muajve q\u00eb p\u00ebrkon me periudh\u00ebn e ver\u00ebs. Kemi besim se kjo zgjidhje i jep vendit nj\u00eb zgjidhje me nj\u00eb \u00e7mim m\u00eb konkurrues sesa Bursa\u201d- tha Avrami.<\/p>\n<p>Pavar\u00ebsisht deklaratave mbi k\u00ebt\u00eb l\u00ebvizje \u201cpozitive\u201d, askush nga qeveria nuk u kujdes t\u00eb jepte detaje financiare mbi kostot q\u00eb do t\u00eb ket\u00eb prodhimi i energjis\u00eb nga k\u00ebto TEC-e lundruese, sa do t\u00eb jet\u00eb qiraja e tyre dhe sa do t\u00eb na kushtoj\u00eb 1 MWh energji. \/Monitor<\/p>","protected":false},"excerpt":{"rendered":"<p>Termocentrali i Vlor\u00ebs, me kapacitet t\u00eb instaluar 98 MW, mbetet vepra e vetme e nd\u00ebrtuar n\u00eb kuad\u00ebr t\u00eb diversifikimit, i cili nuk ka punuar asnj\u00eb dit\u00eb p\u00ebr shkak t\u00eb problematik\u00ebs me sistemin e ftohjes. \u201cEdhe gjat\u00eb vitit 2021, shoq\u00ebria TEC Vlora sh.a., ka kryer aktivitetin e saj n\u00eb lidhje me konservimin e asetit gjenerues, i [&hellip;]<\/p>\n","protected":false},"author":2031,"featured_media":251682,"comment_status":"closed","ping_status":"closed","sticky":false,"template":"","format":"standard","meta":{"footnotes":""},"categories":[241,231,235],"tags":[],"class_list":{"0":"post-251681","1":"post","2":"type-post","3":"status-publish","4":"format-standard","5":"has-post-thumbnail","7":"category-aktualitet","8":"category-lajme","9":"category-vendi"},"_links":{"self":[{"href":"https:\/\/zjarr.tv\/en\/wp-json\/wp\/v2\/posts\/251681","targetHints":{"allow":["GET"]}}],"collection":[{"href":"https:\/\/zjarr.tv\/en\/wp-json\/wp\/v2\/posts"}],"about":[{"href":"https:\/\/zjarr.tv\/en\/wp-json\/wp\/v2\/types\/post"}],"author":[{"embeddable":true,"href":"https:\/\/zjarr.tv\/en\/wp-json\/wp\/v2\/users\/2031"}],"replies":[{"embeddable":true,"href":"https:\/\/zjarr.tv\/en\/wp-json\/wp\/v2\/comments?post=251681"}],"version-history":[{"count":0,"href":"https:\/\/zjarr.tv\/en\/wp-json\/wp\/v2\/posts\/251681\/revisions"}],"wp:featuredmedia":[{"embeddable":true,"href":"https:\/\/zjarr.tv\/en\/wp-json\/wp\/v2\/media\/251682"}],"wp:attachment":[{"href":"https:\/\/zjarr.tv\/en\/wp-json\/wp\/v2\/media?parent=251681"}],"wp:term":[{"taxonomy":"category","embeddable":true,"href":"https:\/\/zjarr.tv\/en\/wp-json\/wp\/v2\/categories?post=251681"},{"taxonomy":"post_tag","embeddable":true,"href":"https:\/\/zjarr.tv\/en\/wp-json\/wp\/v2\/tags?post=251681"}],"curies":[{"name":"wp","href":"https:\/\/api.w.org\/{rel}","templated":true}]}}