{"id":251710,"date":"2022-04-16T13:51:21","date_gmt":"2022-04-16T11:51:21","guid":{"rendered":"https:\/\/zjarr.tv\/?p=251710"},"modified":"2022-04-16T13:51:21","modified_gmt":"2022-04-16T11:51:21","slug":"zbardhen-emrat-aksioni-i-spak-ne-portin-e-vlores-rreshkasin-doganieret-arrestohen-vetem-dy-kontrabandiste","status":"publish","type":"post","link":"https:\/\/zjarr.tv\/en\/zbardhen-emrat-aksioni-i-spak-ne-portin-e-vlores-rreshkasin-doganieret-arrestohen-vetem-dy-kontrabandiste\/","title":{"rendered":"ZBARDHEN EMRAT\/ Aksioni i SPAK n\u00eb portin e Vlor\u00ebs, \u201drr\u00ebshkasin\u201d doganier\u00ebt, arrestohen vet\u00ebm dy kontrabandist\u00eb"},"content":{"rendered":"<p>Policia e Shtetit ka dh\u00ebn\u00eb njoftimin zyrtar n\u00eb lidhje me aksionin e nd\u00ebrmarr\u00eb dje n\u00eb Portin e Vlor\u00ebs, ku u vun\u00eb n\u00eb pranga dy persona, dhe u shpall\u00ebn n\u00eb k\u00ebrkim dy doganier\u00eb.<\/p>\n<p>Policia ka arrestuar me urdh\u00ebr t\u00eb SPAK shtetasit Arian Kas\u00ebmi dhe Sk\u00ebnder Kas\u00ebmi, t\u00eb cil\u00ebt dyshohet se n\u00eb bashk\u00ebpunim me doganier\u00eb n\u00eb portin e Vlor\u00ebs fusnin mallra kontraband\u00eb n\u00eb vendin ton\u00eb, kundrejt heqjes s\u00eb detyrimeve doganore.<\/p>\n<p>Po ashtu jan\u00eb shpallur n\u00eb k\u00ebrkim dy doganier\u00ebt, Aurel Nebiu dhe Mustafa Me\u00e7aj, me detyr\u00eb punonj\u00ebs pran\u00eb Drejtoris\u00eb Doganore Vlor\u00eb, t\u00eb cil\u00ebt dyshohet se n\u00eb bashk\u00ebpunim me nj\u00ebri tjetrin n\u00eb k\u00ebmbim t\u00eb ryshfetit lejonin kalimin e produkteve kontraband\u00eb.<\/p>\n<p>Njoftimi i policis\u00eb:<\/p>\n<p>Finalizohet operacioni policor i koduar \u201cPorti\u201d.<\/p>\n<p>Operacioni, nga Drejtoria Hetimore n\u00eb Departamentin e Policis\u00eb Kriminale n\u00eb Policin\u00eb e Shtetit, n\u00eb bashk\u00ebpunim me Drejtorin\u00eb Vendore t\u00eb Policis\u00eb Vlor\u00eb, n\u00ebn drejtimin e SPAK.<\/p>\n<p>Vihen n\u00eb pranga 2 shtetas, si dhe shpallen n\u00eb k\u00ebrkim 2 doganier\u00eb t\u00eb portit t\u00eb Vlor\u00ebs.<\/p>\n<p>Drejtoria Hetimore n\u00eb Departamentin e Policis\u00eb Kriminale, n\u00eb bashk\u00ebpunim me Drejtorin\u00eb Vendore t\u00eb Policis\u00eb Vlor\u00eb, n\u00eb kuad\u00ebr t\u00eb procedimit penal t\u00eb nisur nga Prokuroria e Posa\u00e7me Kund\u00ebr Korrupsionit dhe Krimit t\u00eb Organizuar, finalizoi operacionin policor t\u00eb koduar \u201cPorti\u201d.<\/p>\n<p>N\u00eb kuad\u00ebr t\u00eb k\u00ebtij operacioni u b\u00eb arrestimi n\u00eb flagranc\u00eb i shtetasve:<\/p>\n<p>A.K., 59 vje\u00e7 dhe S. K., 32 vje\u00e7, banues n\u00eb Vlor\u00eb, p\u00ebr t\u00eb cil\u00ebt dyshohet se, n\u00eb bashk\u00ebpunim me nj\u00ebri-tjetrin, n\u00ebp\u00ebrmjet rryshfetit ndaj punonj\u00ebsve t\u00eb Drejtoris\u00eb Doganore Vlor\u00eb, fusnin, n\u00eb territorin e Republik\u00ebs s\u00eb Shqip\u00ebris\u00eb, produkte kontraband\u00eb. Gjithashtu, si rezultat i k\u00ebtij operacioni u b\u00eb shpallja n\u00eb k\u00ebrkim e shtetasve:<\/p>\n<p>A.N., 46 vje\u00e7 dhe M. M., 62 vje\u00e7 banues n\u00eb Vlor\u00eb, me detyr\u00eb punonj\u00ebs pran\u00eb Drejtoris\u00eb Doganore Vlor\u00eb, p\u00ebr t\u00eb cil\u00ebt dyshohet se, n\u00eb bashk\u00ebpunim me nj\u00ebri-tjetrin, n\u00eb k\u00ebmbim t\u00eb rryshfetit, lejonin kalimin e produkteve kontraband\u00eb.<\/p>\n<p>Materialet i kaluan Prokuroris\u00eb s\u00eb Posa\u00e7me Kund\u00ebr Korrupsionit dhe Krimit t\u00eb Organizuar p\u00ebr kryerjen e veprimeve t\u00eb m\u00ebtejshme, p\u00ebr veprat penale \u201cKontrabanda me mallra t\u00eb tjera\u201d, \u201cKorrupsioni aktiv i personave q\u00eb ushtrojn\u00eb funksione publike\u201d dhe \u201cKorrupsioni pasiv i personave q\u00eb ushtrojn\u00eb funksione publike. <\/p>","protected":false},"excerpt":{"rendered":"<p>Policia e Shtetit ka dh\u00ebn\u00eb njoftimin zyrtar n\u00eb lidhje me aksionin e nd\u00ebrmarr\u00eb dje n\u00eb Portin e Vlor\u00ebs, ku u vun\u00eb n\u00eb pranga dy persona, dhe u shpall\u00ebn n\u00eb k\u00ebrkim dy doganier\u00eb. Policia ka arrestuar me urdh\u00ebr t\u00eb SPAK shtetasit Arian Kas\u00ebmi dhe Sk\u00ebnder Kas\u00ebmi, t\u00eb cil\u00ebt dyshohet se n\u00eb bashk\u00ebpunim me doganier\u00eb n\u00eb portin [&hellip;]<\/p>\n","protected":false},"author":2031,"featured_media":131755,"comment_status":"closed","ping_status":"closed","sticky":false,"template":"","format":"standard","meta":{"footnotes":""},"categories":[241,231,235],"tags":[],"class_list":{"0":"post-251710","1":"post","2":"type-post","3":"status-publish","4":"format-standard","5":"has-post-thumbnail","7":"category-aktualitet","8":"category-lajme","9":"category-vendi"},"_links":{"self":[{"href":"https:\/\/zjarr.tv\/en\/wp-json\/wp\/v2\/posts\/251710","targetHints":{"allow":["GET"]}}],"collection":[{"href":"https:\/\/zjarr.tv\/en\/wp-json\/wp\/v2\/posts"}],"about":[{"href":"https:\/\/zjarr.tv\/en\/wp-json\/wp\/v2\/types\/post"}],"author":[{"embeddable":true,"href":"https:\/\/zjarr.tv\/en\/wp-json\/wp\/v2\/users\/2031"}],"replies":[{"embeddable":true,"href":"https:\/\/zjarr.tv\/en\/wp-json\/wp\/v2\/comments?post=251710"}],"version-history":[{"count":0,"href":"https:\/\/zjarr.tv\/en\/wp-json\/wp\/v2\/posts\/251710\/revisions"}],"wp:featuredmedia":[{"embeddable":true,"href":"https:\/\/zjarr.tv\/en\/wp-json\/wp\/v2\/media\/131755"}],"wp:attachment":[{"href":"https:\/\/zjarr.tv\/en\/wp-json\/wp\/v2\/media?parent=251710"}],"wp:term":[{"taxonomy":"category","embeddable":true,"href":"https:\/\/zjarr.tv\/en\/wp-json\/wp\/v2\/categories?post=251710"},{"taxonomy":"post_tag","embeddable":true,"href":"https:\/\/zjarr.tv\/en\/wp-json\/wp\/v2\/tags?post=251710"}],"curies":[{"name":"wp","href":"https:\/\/api.w.org\/{rel}","templated":true}]}}