{"id":251734,"date":"2022-04-16T17:04:47","date_gmt":"2022-04-16T15:04:47","guid":{"rendered":"https:\/\/zjarr.tv\/?p=251734"},"modified":"2022-04-16T17:04:47","modified_gmt":"2022-04-16T15:04:47","slug":"platforma-e-bllokuar-e-alibeajt-kraja-pas-blindimit-te-godines-tani-blindimi-i-fjales-ky-nuk-eshte-bashkim","status":"publish","type":"post","link":"https:\/\/zjarr.tv\/en\/platforma-e-bllokuar-e-alibeajt-kraja-pas-blindimit-te-godines-tani-blindimi-i-fjales-ky-nuk-eshte-bashkim\/","title":{"rendered":"\u2018Platforma e bllokuar e Alibeajt\u2019\/ Kraja: Pas blindimit t\u00eb godin\u00ebs, tani blindimi i fjal\u00ebs! Ky nuk \u00ebsht\u00eb bashkim"},"content":{"rendered":"<p>An\u00ebtari i Komisionit t\u00eb Rithemelimit ka reaguar pas bllokimit t\u00eb komenteve nga deputeti Enkelejd Alibeaj n\u00eb postimin e tij p\u00ebr platform\u00ebn sulmuese ndaj shumic\u00ebs s\u00eb demokrat\u00ebve.<\/p>\n<p>\u2018Pas blindimit t\u00eb godin\u00ebs, tani blindimi i fjal\u00ebs. T\u00eb dyja rastet kundra an\u00ebtar\u00ebsis\u00eb\u2019, shkruan Kraja n\u00eb Facebook.<\/p>\n<p>Sipas Kraj\u00ebs, \u2018jan\u00eb t\u00eb shumt\u00eb deputet\u00ebt e ish-an\u00ebtar\u00ebt e Kryesis\u00eb s\u00eb PD q\u00eb nuk i lejojn\u00eb ndjek\u00ebsit e tyre t\u00eb komentojn\u00eb n\u00eb postimet e tyre n\u00eb rrjete sociale, por ky nuk \u00ebsht\u00eb bashkim, ky nuk \u00ebsht\u00eb p\u00ebrfaq\u00ebsim, kjo nuk \u00ebsht\u00eb demokratike\u2019, thekson an\u00ebtari i Komisionit t\u00eb Rithemelimit.<\/p>\n<p>Postimi i Akil Kraj\u00ebs:<\/p>\n<p>Pas blindimit t\u00eb godin\u00ebs, tani blindimi i fjal\u00ebs. T\u00eb dyja rastet kundra an\u00ebtar\u00ebsis\u00eb.<\/p>\n<p>Ja sh\u00ebmbulli m\u00eb i fundit.<\/p>\n<p>Jan\u00eb t\u00eb shumt\u00eb deputet\u00ebt e ish-an\u00ebtar\u00ebt e Kryesis\u00eb s\u00eb PD q\u00eb nuk i lejojn\u00eb ndjek\u00ebsit e tyre t\u00eb komentojn\u00eb n\u00eb postimet e tyre n\u00eb rrjete sociale.<\/p>\n<p>Ky nuk \u00ebsht\u00eb bashkim. Ky nuk \u00ebsht\u00eb p\u00ebrfaq\u00ebsim. Kjo nuk \u00ebsht\u00eb demokratike.<\/p>\n<p>Vet\u00ebm forca e fjal\u00ebs s\u00eb lir\u00eb, forca e vot\u00ebs s\u00eb lir\u00eb, t\u00eb \u00e7do an\u00ebtari, t\u00eb \u00e7do niveli e t\u00eb \u00e7do kahu mund t\u00eb sjell\u00eb bashkim.<\/p>\n<p>Demokrat\u00ebt sot votojn\u00eb masivisht p\u00ebr p\u00ebrfaq\u00ebsuesit e tyre t\u00eb v\u00ebrtet\u00eb.<\/p>\n<p>Kush del kundra tyre, nuk mund t\u00eb jet\u00eb p\u00ebrfaq\u00ebsues i tyre.<\/p>","protected":false},"excerpt":{"rendered":"<p>An\u00ebtari i Komisionit t\u00eb Rithemelimit ka reaguar pas bllokimit t\u00eb komenteve nga deputeti Enkelejd Alibeaj n\u00eb postimin e tij p\u00ebr platform\u00ebn sulmuese ndaj shumic\u00ebs s\u00eb demokrat\u00ebve. \u2018Pas blindimit t\u00eb godin\u00ebs, tani blindimi i fjal\u00ebs. T\u00eb dyja rastet kundra an\u00ebtar\u00ebsis\u00eb\u2019, shkruan Kraja n\u00eb Facebook. Sipas Kraj\u00ebs, \u2018jan\u00eb t\u00eb shumt\u00eb deputet\u00ebt e ish-an\u00ebtar\u00ebt e Kryesis\u00eb s\u00eb PD [&hellip;]<\/p>\n","protected":false},"author":2031,"featured_media":251735,"comment_status":"closed","ping_status":"closed","sticky":false,"template":"","format":"standard","meta":{"footnotes":""},"categories":[241,231,235],"tags":[],"class_list":{"0":"post-251734","1":"post","2":"type-post","3":"status-publish","4":"format-standard","5":"has-post-thumbnail","7":"category-aktualitet","8":"category-lajme","9":"category-vendi"},"_links":{"self":[{"href":"https:\/\/zjarr.tv\/en\/wp-json\/wp\/v2\/posts\/251734","targetHints":{"allow":["GET"]}}],"collection":[{"href":"https:\/\/zjarr.tv\/en\/wp-json\/wp\/v2\/posts"}],"about":[{"href":"https:\/\/zjarr.tv\/en\/wp-json\/wp\/v2\/types\/post"}],"author":[{"embeddable":true,"href":"https:\/\/zjarr.tv\/en\/wp-json\/wp\/v2\/users\/2031"}],"replies":[{"embeddable":true,"href":"https:\/\/zjarr.tv\/en\/wp-json\/wp\/v2\/comments?post=251734"}],"version-history":[{"count":0,"href":"https:\/\/zjarr.tv\/en\/wp-json\/wp\/v2\/posts\/251734\/revisions"}],"wp:featuredmedia":[{"embeddable":true,"href":"https:\/\/zjarr.tv\/en\/wp-json\/wp\/v2\/media\/251735"}],"wp:attachment":[{"href":"https:\/\/zjarr.tv\/en\/wp-json\/wp\/v2\/media?parent=251734"}],"wp:term":[{"taxonomy":"category","embeddable":true,"href":"https:\/\/zjarr.tv\/en\/wp-json\/wp\/v2\/categories?post=251734"},{"taxonomy":"post_tag","embeddable":true,"href":"https:\/\/zjarr.tv\/en\/wp-json\/wp\/v2\/tags?post=251734"}],"curies":[{"name":"wp","href":"https:\/\/api.w.org\/{rel}","templated":true}]}}