{"id":251749,"date":"2022-04-16T17:50:18","date_gmt":"2022-04-16T15:50:18","guid":{"rendered":"https:\/\/zjarr.tv\/?p=251749"},"modified":"2022-04-16T17:50:18","modified_gmt":"2022-04-16T15:50:18","slug":"ndoka-32-deputet-te-lul-braves-firmosin-qe-pd-te-kthehet-ne-shoqate","status":"publish","type":"post","link":"https:\/\/zjarr.tv\/en\/ndoka-32-deputet-te-lul-braves-firmosin-qe-pd-te-kthehet-ne-shoqate\/","title":{"rendered":"Ndoka: 32 deputet t\u00eb Lul Brav\u00ebs, firmosin q\u00eb PD t\u00eb kthehet n\u00eb shoqat\u00eb!"},"content":{"rendered":"<p>Kryetari i PDK, Nard Ndoka ka reaguar pas deklarat\u00ebs s\u00eb Enkelejd Alibeajt se ka nj\u00eb platform\u00eb p\u00ebr bashkimin e PD.<\/p>\n<p>N\u00eb nj\u00eb postim n\u00eb rrjetet sociale, Ndoka shprehet se platforma e Alibeajt e mb\u00ebshtetur nga Gazment Bardhi dhe Lulzim Basha.<\/p>\n<p>\u201c32 deputet t\u00eb Lul Brav\u00ebs, firmosin q\u00eb PD t\u00eb kthehet n\u00eb shoqat\u00eb!\u201d.<\/p>","protected":false},"excerpt":{"rendered":"<p>Kryetari i PDK, Nard Ndoka ka reaguar pas deklarat\u00ebs s\u00eb Enkelejd Alibeajt se ka nj\u00eb platform\u00eb p\u00ebr bashkimin e PD. N\u00eb nj\u00eb postim n\u00eb rrjetet sociale, Ndoka shprehet se platforma e Alibeajt e mb\u00ebshtetur nga Gazment Bardhi dhe Lulzim Basha. \u201c32 deputet t\u00eb Lul Brav\u00ebs, firmosin q\u00eb PD t\u00eb kthehet n\u00eb shoqat\u00eb!\u201d.<\/p>","protected":false},"author":2031,"featured_media":251750,"comment_status":"closed","ping_status":"closed","sticky":false,"template":"","format":"standard","meta":{"footnotes":""},"categories":[241,231,235],"tags":[],"class_list":{"0":"post-251749","1":"post","2":"type-post","3":"status-publish","4":"format-standard","5":"has-post-thumbnail","7":"category-aktualitet","8":"category-lajme","9":"category-vendi"},"_links":{"self":[{"href":"https:\/\/zjarr.tv\/en\/wp-json\/wp\/v2\/posts\/251749","targetHints":{"allow":["GET"]}}],"collection":[{"href":"https:\/\/zjarr.tv\/en\/wp-json\/wp\/v2\/posts"}],"about":[{"href":"https:\/\/zjarr.tv\/en\/wp-json\/wp\/v2\/types\/post"}],"author":[{"embeddable":true,"href":"https:\/\/zjarr.tv\/en\/wp-json\/wp\/v2\/users\/2031"}],"replies":[{"embeddable":true,"href":"https:\/\/zjarr.tv\/en\/wp-json\/wp\/v2\/comments?post=251749"}],"version-history":[{"count":0,"href":"https:\/\/zjarr.tv\/en\/wp-json\/wp\/v2\/posts\/251749\/revisions"}],"wp:featuredmedia":[{"embeddable":true,"href":"https:\/\/zjarr.tv\/en\/wp-json\/wp\/v2\/media\/251750"}],"wp:attachment":[{"href":"https:\/\/zjarr.tv\/en\/wp-json\/wp\/v2\/media?parent=251749"}],"wp:term":[{"taxonomy":"category","embeddable":true,"href":"https:\/\/zjarr.tv\/en\/wp-json\/wp\/v2\/categories?post=251749"},{"taxonomy":"post_tag","embeddable":true,"href":"https:\/\/zjarr.tv\/en\/wp-json\/wp\/v2\/tags?post=251749"}],"curies":[{"name":"wp","href":"https:\/\/api.w.org\/{rel}","templated":true}]}}