{"id":251772,"date":"2022-04-17T00:00:35","date_gmt":"2022-04-16T22:00:35","guid":{"rendered":"https:\/\/zjarr.tv\/?p=251772"},"modified":"2022-04-17T00:00:35","modified_gmt":"2022-04-16T22:00:35","slug":"mbeshteti-propozimet-e-alibeajt-xhelal-mziu-pendohet-fshin-postimin-dhe-publikon-platformen-e-tij-te-hiqet-ankimimi-ne-apel-te-shpallet-nul-cdo-perjashtim-nga-pd","status":"publish","type":"post","link":"https:\/\/zjarr.tv\/en\/mbeshteti-propozimet-e-alibeajt-xhelal-mziu-pendohet-fshin-postimin-dhe-publikon-platformen-e-tij-te-hiqet-ankimimi-ne-apel-te-shpallet-nul-cdo-perjashtim-nga-pd\/","title":{"rendered":"Mb\u00ebshteti propozimet e Alibeajt, Xhelal Mziu \u201cpendohet\u201d, fshin postimin dhe publikon platform\u00ebn e tij: T\u00eb hiqet ankimimi n\u00eb Apel! T\u00eb shpallet nul \u00e7do p\u00ebrjashtim nga PD"},"content":{"rendered":"<p>Deputeti demokrat Xhelal Mziu mesa duket \u00ebsht\u00eb penduar q\u00eb mb\u00ebshteti platform\u00ebn e propozuar nga Enkelejd Alibeaj p\u00ebr bashkimin e PD-s\u00eb dhe ka fshir\u00eb postimin nga rrjetet sociale. <\/p>\n<p>Ai ka b\u00ebr\u00eb nj\u00eb tjet\u00ebr postim, ku publikon platform\u00ebn e tij me 6 pika dhe k\u00ebrkon q\u00eb t\u00eb hiqet dor\u00eb nga ankimimi n\u00eb Gjykat\u00ebn e Apelit p\u00ebr njohjen e Kuvendit t\u00eb 11 Dhjetorit. <\/p>\n<p>Gjithashtu Mziu k\u00ebrkon edhe q\u00eb t\u00eb shpallet nul \u00e7do vendim p\u00ebr p\u00ebrjashtimin e deputet\u00ebve, duke n\u00ebnkuptuar rikthimin e Sali Berish\u00ebs n\u00eb Grupin Parlamentar t\u00eb PD-s\u00eb.<\/p>","protected":false},"excerpt":{"rendered":"<p>Deputeti demokrat Xhelal Mziu mesa duket \u00ebsht\u00eb penduar q\u00eb mb\u00ebshteti platform\u00ebn e propozuar nga Enkelejd Alibeaj p\u00ebr bashkimin e PD-s\u00eb dhe ka fshir\u00eb postimin nga rrjetet sociale. Ai ka b\u00ebr\u00eb nj\u00eb tjet\u00ebr postim, ku publikon platform\u00ebn e tij me 6 pika dhe k\u00ebrkon q\u00eb t\u00eb hiqet dor\u00eb nga ankimimi n\u00eb Gjykat\u00ebn e Apelit p\u00ebr njohjen [&hellip;]<\/p>\n","protected":false},"author":2031,"featured_media":180196,"comment_status":"closed","ping_status":"closed","sticky":false,"template":"","format":"standard","meta":{"footnotes":""},"categories":[241,231,235],"tags":[],"class_list":{"0":"post-251772","1":"post","2":"type-post","3":"status-publish","4":"format-standard","5":"has-post-thumbnail","7":"category-aktualitet","8":"category-lajme","9":"category-vendi"},"_links":{"self":[{"href":"https:\/\/zjarr.tv\/en\/wp-json\/wp\/v2\/posts\/251772","targetHints":{"allow":["GET"]}}],"collection":[{"href":"https:\/\/zjarr.tv\/en\/wp-json\/wp\/v2\/posts"}],"about":[{"href":"https:\/\/zjarr.tv\/en\/wp-json\/wp\/v2\/types\/post"}],"author":[{"embeddable":true,"href":"https:\/\/zjarr.tv\/en\/wp-json\/wp\/v2\/users\/2031"}],"replies":[{"embeddable":true,"href":"https:\/\/zjarr.tv\/en\/wp-json\/wp\/v2\/comments?post=251772"}],"version-history":[{"count":0,"href":"https:\/\/zjarr.tv\/en\/wp-json\/wp\/v2\/posts\/251772\/revisions"}],"wp:featuredmedia":[{"embeddable":true,"href":"https:\/\/zjarr.tv\/en\/wp-json\/wp\/v2\/media\/180196"}],"wp:attachment":[{"href":"https:\/\/zjarr.tv\/en\/wp-json\/wp\/v2\/media?parent=251772"}],"wp:term":[{"taxonomy":"category","embeddable":true,"href":"https:\/\/zjarr.tv\/en\/wp-json\/wp\/v2\/categories?post=251772"},{"taxonomy":"post_tag","embeddable":true,"href":"https:\/\/zjarr.tv\/en\/wp-json\/wp\/v2\/tags?post=251772"}],"curies":[{"name":"wp","href":"https:\/\/api.w.org\/{rel}","templated":true}]}}