{"id":251777,"date":"2022-04-17T03:35:23","date_gmt":"2022-04-17T01:35:23","guid":{"rendered":"https:\/\/zjarr.tv\/?p=251777"},"modified":"2022-04-17T03:35:23","modified_gmt":"2022-04-17T01:35:23","slug":"aty-ku-ka-erresire-te-ndricoje-drita-nikolla-uron-festen-e-pashkeve-per-te-gjithe-besimtaret","status":"publish","type":"post","link":"https:\/\/zjarr.tv\/en\/aty-ku-ka-erresire-te-ndricoje-drita-nikolla-uron-festen-e-pashkeve-per-te-gjithe-besimtaret\/","title":{"rendered":"\u201cAty ku ka err\u00ebsir\u00eb t\u00eb ndri\u00e7oj\u00eb drita\u201d, Nikolla uron fest\u00ebn e Pashk\u00ebve p\u00ebr t\u00eb gjith\u00eb besimtar\u00ebt"},"content":{"rendered":"<p>Kryetarja e Kuvendit, Lindita Nikolla ka uruar besimtar\u00ebt katolik\u00eb p\u00ebr fest\u00ebn e Pashk\u00ebve. Me an\u00eb t1% nj\u00eb postimi n\u00eb rrjetin e saj social, Nikolla uron paqe dhe mbar\u00ebsi p\u00ebr t\u00eb gjith\u00eb qytetar\u00ebt dhe shrkuan se g\u00ebzimi i \u201cRingjalljes\u201d, frym\u00ebzon t\u00eb gjith\u00eb besimtar\u00ebt q\u00eb t\u00eb punojn\u00eb p\u00ebr harmoni dhe shpres\u00eb.<\/p>\n<p>Postimi i plot\u00eb i Kryeparlamentares, Lindita Nikolla:<\/p>\n<p>G\u00ebzuar Pashk\u00ebt!<\/p>\n<p>G\u00ebzimi i Ringjalljes na frym\u00ebzon t\u00eb besojm\u00eb e punojm\u00eb q\u00eb:<\/p>\n<p>Atje ku ka urrejtje, t\u00eb lul\u00ebzoj\u00eb harmonia.<\/p>\n<p>Atje ku ka err\u00ebsir\u00eb, t\u00eb ndri\u00e7oj\u00eb drita.<\/p>\n<p>Atje ku ka d\u00ebshp\u00ebrim, t\u00eb lind\u00eb shpresa.<\/p>\n<p>Atje ku ka vuajtje, t\u00eb leht\u00ebsojm\u00eb dhimbjen.<\/p>\n<p>Atje ku ka varf\u00ebri, t\u00eb krijojm\u00eb mir\u00ebqenie.<\/p>\n<p>Paqe e mbar\u00ebsi p\u00ebr t\u00eb gjith\u00eb<\/p>","protected":false},"excerpt":{"rendered":"<p>Kryetarja e Kuvendit, Lindita Nikolla ka uruar besimtar\u00ebt katolik\u00eb p\u00ebr fest\u00ebn e Pashk\u00ebve. Me an\u00eb t1% nj\u00eb postimi n\u00eb rrjetin e saj social, Nikolla uron paqe dhe mbar\u00ebsi p\u00ebr t\u00eb gjith\u00eb qytetar\u00ebt dhe shrkuan se g\u00ebzimi i \u201cRingjalljes\u201d, frym\u00ebzon t\u00eb gjith\u00eb besimtar\u00ebt q\u00eb t\u00eb punojn\u00eb p\u00ebr harmoni dhe shpres\u00eb. Postimi i plot\u00eb i Kryeparlamentares, Lindita [&hellip;]<\/p>\n","protected":false},"author":2031,"featured_media":201987,"comment_status":"closed","ping_status":"closed","sticky":false,"template":"","format":"standard","meta":{"footnotes":""},"categories":[241,231,235],"tags":[],"class_list":{"0":"post-251777","1":"post","2":"type-post","3":"status-publish","4":"format-standard","5":"has-post-thumbnail","7":"category-aktualitet","8":"category-lajme","9":"category-vendi"},"_links":{"self":[{"href":"https:\/\/zjarr.tv\/en\/wp-json\/wp\/v2\/posts\/251777","targetHints":{"allow":["GET"]}}],"collection":[{"href":"https:\/\/zjarr.tv\/en\/wp-json\/wp\/v2\/posts"}],"about":[{"href":"https:\/\/zjarr.tv\/en\/wp-json\/wp\/v2\/types\/post"}],"author":[{"embeddable":true,"href":"https:\/\/zjarr.tv\/en\/wp-json\/wp\/v2\/users\/2031"}],"replies":[{"embeddable":true,"href":"https:\/\/zjarr.tv\/en\/wp-json\/wp\/v2\/comments?post=251777"}],"version-history":[{"count":0,"href":"https:\/\/zjarr.tv\/en\/wp-json\/wp\/v2\/posts\/251777\/revisions"}],"wp:featuredmedia":[{"embeddable":true,"href":"https:\/\/zjarr.tv\/en\/wp-json\/wp\/v2\/media\/201987"}],"wp:attachment":[{"href":"https:\/\/zjarr.tv\/en\/wp-json\/wp\/v2\/media?parent=251777"}],"wp:term":[{"taxonomy":"category","embeddable":true,"href":"https:\/\/zjarr.tv\/en\/wp-json\/wp\/v2\/categories?post=251777"},{"taxonomy":"post_tag","embeddable":true,"href":"https:\/\/zjarr.tv\/en\/wp-json\/wp\/v2\/tags?post=251777"}],"curies":[{"name":"wp","href":"https:\/\/api.w.org\/{rel}","templated":true}]}}