{"id":251780,"date":"2022-04-17T03:37:39","date_gmt":"2022-04-17T01:37:39","guid":{"rendered":"https:\/\/zjarr.tv\/?p=251780"},"modified":"2022-04-17T03:37:39","modified_gmt":"2022-04-17T01:37:39","slug":"vigjilja-e-pashkeve-eshte-vigjilja-e-rilindjes-se-jetes-rama-uron-besimtaret-e-krishtere","status":"publish","type":"post","link":"https:\/\/zjarr.tv\/en\/vigjilja-e-pashkeve-eshte-vigjilja-e-rilindjes-se-jetes-rama-uron-besimtaret-e-krishtere\/","title":{"rendered":"\u201cVigjilja e Pashk\u00ebve, \u00ebsht\u00eb vigjilja e rilindjes s\u00eb jet\u00ebs\u201d, Rama uron besimtar\u00ebt e krishter\u00eb"},"content":{"rendered":"<p>Kryeministri, Edi Rama ka uruar t\u00eb gjith\u00eb besimtar\u00ebt e krishter\u00eb me rastin e fest\u00ebs s\u00eb Pashk\u00ebve. Me an\u00eb t\u00eb nj\u00eb postimi n\u00eb rrjetin social facebook, Rama shkruan se vigjilja e Pashk\u00ebve ishte vigjilja e rilindjes s\u00eb jet\u00ebs.<\/p>\n<p>\u201cFJAL\u00cbT E MUAJIT. Vigjilja e Pashk\u00ebve \u00ebsht\u00eb vigjilja e rilindjes s\u00eb jet\u00ebs, dashuris\u00eb dhe shpres\u00ebs\u201d\u2013 shkruan Rama.<\/p>","protected":false},"excerpt":{"rendered":"<p>Kryeministri, Edi Rama ka uruar t\u00eb gjith\u00eb besimtar\u00ebt e krishter\u00eb me rastin e fest\u00ebs s\u00eb Pashk\u00ebve. Me an\u00eb t\u00eb nj\u00eb postimi n\u00eb rrjetin social facebook, Rama shkruan se vigjilja e Pashk\u00ebve ishte vigjilja e rilindjes s\u00eb jet\u00ebs. \u201cFJAL\u00cbT E MUAJIT. Vigjilja e Pashk\u00ebve \u00ebsht\u00eb vigjilja e rilindjes s\u00eb jet\u00ebs, dashuris\u00eb dhe shpres\u00ebs\u201d\u2013 shkruan Rama.<\/p>","protected":false},"author":2031,"featured_media":210436,"comment_status":"closed","ping_status":"closed","sticky":false,"template":"","format":"standard","meta":{"footnotes":""},"categories":[241,231,235],"tags":[],"class_list":{"0":"post-251780","1":"post","2":"type-post","3":"status-publish","4":"format-standard","5":"has-post-thumbnail","7":"category-aktualitet","8":"category-lajme","9":"category-vendi"},"_links":{"self":[{"href":"https:\/\/zjarr.tv\/en\/wp-json\/wp\/v2\/posts\/251780","targetHints":{"allow":["GET"]}}],"collection":[{"href":"https:\/\/zjarr.tv\/en\/wp-json\/wp\/v2\/posts"}],"about":[{"href":"https:\/\/zjarr.tv\/en\/wp-json\/wp\/v2\/types\/post"}],"author":[{"embeddable":true,"href":"https:\/\/zjarr.tv\/en\/wp-json\/wp\/v2\/users\/2031"}],"replies":[{"embeddable":true,"href":"https:\/\/zjarr.tv\/en\/wp-json\/wp\/v2\/comments?post=251780"}],"version-history":[{"count":0,"href":"https:\/\/zjarr.tv\/en\/wp-json\/wp\/v2\/posts\/251780\/revisions"}],"wp:featuredmedia":[{"embeddable":true,"href":"https:\/\/zjarr.tv\/en\/wp-json\/wp\/v2\/media\/210436"}],"wp:attachment":[{"href":"https:\/\/zjarr.tv\/en\/wp-json\/wp\/v2\/media?parent=251780"}],"wp:term":[{"taxonomy":"category","embeddable":true,"href":"https:\/\/zjarr.tv\/en\/wp-json\/wp\/v2\/categories?post=251780"},{"taxonomy":"post_tag","embeddable":true,"href":"https:\/\/zjarr.tv\/en\/wp-json\/wp\/v2\/tags?post=251780"}],"curies":[{"name":"wp","href":"https:\/\/api.w.org\/{rel}","templated":true}]}}