{"id":251783,"date":"2022-04-17T03:43:25","date_gmt":"2022-04-17T01:43:25","guid":{"rendered":"https:\/\/zjarr.tv\/?p=251783"},"modified":"2022-04-17T03:43:25","modified_gmt":"2022-04-17T01:43:25","slug":"lavdi-krishtit-mbret-qe-ndryshoi-boten-dhe-njerezimin-berisha-uron-besimtaret-katolike-gezuar-pashket","status":"publish","type":"post","link":"https:\/\/zjarr.tv\/en\/lavdi-krishtit-mbret-qe-ndryshoi-boten-dhe-njerezimin-berisha-uron-besimtaret-katolike-gezuar-pashket\/","title":{"rendered":"\u201cLavdi Krishtit mbret q\u00eb ndryshoi bot\u00ebn dhe njer\u00ebzimin\u201d, Berisha uron besimtar\u00ebt katolik\u00eb: G\u00ebzuar Pashk\u00ebt"},"content":{"rendered":"<p>Ish kryeministri, Sali Berisha ka uruar besimtar\u00ebt katolik\u00eb t\u00eb cil\u00ebt festojn\u00eb Ringjalljen e Krishtit apo si\u00e7 njihet ndryshe \u201cfesta e Pashk\u00ebve\u201d.<\/p>\n<p>Me an\u00eb t\u00eb nj\u00eb postimi n\u00eb facebook, ish kryeministri shprehu d\u00ebshir\u00ebn q\u00eb Pashk\u00ebt e ardhshme t\u2019i gjenin t\u00eb gjtih\u00eb shqiptar\u00ebt n\u00eb gjendje m\u00eb t\u00eb mir\u00eb.<\/p>\n<p>Postimi i Plot\u00eb nga ish kryeministri, Sali Berisha:<\/p>\n<p>Gezuar Pashken!<\/p>\n<p>Te dashur miq, sonte besimtaret katolik ne Shqiperi dhe mbare boten kremtojne Pashken, ringjalljen e Hyjit, Krishtit mbret dhe se bashku me ta te gjithe besimtaret e Zotit kremtojne pra shpresen e pashuar dhe perjetesine.<\/p>\n<p>Me kete rast le te urojme te gjithe katoliket shqiptare, te gjithe besimtaret e Zotit; Gezuar Pashken! Pashket e tjera gjithnje e me mire te na gjejne!<br \/>\nLavdi Krishtit mbret qe ndryshoi boten dhe njerezimin! sb<\/p>","protected":false},"excerpt":{"rendered":"<p>Ish kryeministri, Sali Berisha ka uruar besimtar\u00ebt katolik\u00eb t\u00eb cil\u00ebt festojn\u00eb Ringjalljen e Krishtit apo si\u00e7 njihet ndryshe \u201cfesta e Pashk\u00ebve\u201d. Me an\u00eb t\u00eb nj\u00eb postimi n\u00eb facebook, ish kryeministri shprehu d\u00ebshir\u00ebn q\u00eb Pashk\u00ebt e ardhshme t\u2019i gjenin t\u00eb gjtih\u00eb shqiptar\u00ebt n\u00eb gjendje m\u00eb t\u00eb mir\u00eb. Postimi i Plot\u00eb nga ish kryeministri, Sali Berisha: Gezuar [&hellip;]<\/p>\n","protected":false},"author":2031,"featured_media":251784,"comment_status":"closed","ping_status":"closed","sticky":false,"template":"","format":"standard","meta":{"footnotes":""},"categories":[241,231,235],"tags":[],"class_list":{"0":"post-251783","1":"post","2":"type-post","3":"status-publish","4":"format-standard","5":"has-post-thumbnail","7":"category-aktualitet","8":"category-lajme","9":"category-vendi"},"_links":{"self":[{"href":"https:\/\/zjarr.tv\/en\/wp-json\/wp\/v2\/posts\/251783","targetHints":{"allow":["GET"]}}],"collection":[{"href":"https:\/\/zjarr.tv\/en\/wp-json\/wp\/v2\/posts"}],"about":[{"href":"https:\/\/zjarr.tv\/en\/wp-json\/wp\/v2\/types\/post"}],"author":[{"embeddable":true,"href":"https:\/\/zjarr.tv\/en\/wp-json\/wp\/v2\/users\/2031"}],"replies":[{"embeddable":true,"href":"https:\/\/zjarr.tv\/en\/wp-json\/wp\/v2\/comments?post=251783"}],"version-history":[{"count":0,"href":"https:\/\/zjarr.tv\/en\/wp-json\/wp\/v2\/posts\/251783\/revisions"}],"wp:featuredmedia":[{"embeddable":true,"href":"https:\/\/zjarr.tv\/en\/wp-json\/wp\/v2\/media\/251784"}],"wp:attachment":[{"href":"https:\/\/zjarr.tv\/en\/wp-json\/wp\/v2\/media?parent=251783"}],"wp:term":[{"taxonomy":"category","embeddable":true,"href":"https:\/\/zjarr.tv\/en\/wp-json\/wp\/v2\/categories?post=251783"},{"taxonomy":"post_tag","embeddable":true,"href":"https:\/\/zjarr.tv\/en\/wp-json\/wp\/v2\/tags?post=251783"}],"curies":[{"name":"wp","href":"https:\/\/api.w.org\/{rel}","templated":true}]}}