{"id":251793,"date":"2022-04-17T10:11:15","date_gmt":"2022-04-17T08:11:15","guid":{"rendered":"https:\/\/zjarr.tv\/?p=251793"},"modified":"2022-04-17T10:12:46","modified_gmt":"2022-04-17T08:12:46","slug":"dom-gjergj-meta-uron-besimtaret-katolike-per-pashket-dhe-jep-dy-mesazhet-e-rendesishme-le-te-krijojme-nje-shoqeri-me-harmonie-plote","status":"publish","type":"post","link":"https:\/\/zjarr.tv\/en\/dom-gjergj-meta-uron-besimtaret-katolike-per-pashket-dhe-jep-dy-mesazhet-e-rendesishme-le-te-krijojme-nje-shoqeri-me-harmonie-plote\/","title":{"rendered":"Dom Gjergj Meta uron besimtar\u00ebt katolik\u00eb p\u00ebr Pashk\u00ebt dhe jep dy mesazhet e r\u00ebnd\u00ebsishme: Le t\u00eb krijojm\u00eb nj\u00eb shoq\u00ebri me harmoni\u2026"},"content":{"rendered":"<p>Dom Gjergj Meta Ipeshk\u00ebv n\u00eb Dioqeza Rr\u00ebshen ka uruar t\u00eb gjith\u00eb besimtar\u00ebt katolik\u00eb p\u00ebr Pash\u00ebt, teksa ka p\u00ebrcjell\u00eb edhe dy mesazhe.<\/p>\n<p>N\u00eb mesazhin e tij, Dom Gjergj Meta thot\u00eb se Pashk\u00eb do t\u00eb thot\u00eb kalimi n\u00eb jet\u00ebt ton\u00eb n\u00eb gj\u00ebrat e mira.<\/p>\n<p>\u201cFjala Pashk\u00eb do t\u00eb thot\u00eb kalim, dhe ju ftoj q\u00eb t\u00eb p\u00ebrfitoni t\u00eb gjith\u00eb ato kalime t\u00eb bukura q\u00eb kan\u00eb ndodhur n\u00eb jet\u00ebn ton\u00eb. P\u00ebr shembull nga shtrati i spitalit n\u00eb nj\u00eb jet\u00eb t\u00eb sh\u00ebndetshme\u201d tha nd\u00ebr t\u00eb tjera n\u00eb mesazhin e tij Dom Gjergj Meta.<\/p>\n<p>Nd\u00ebr t\u00eb tjera ai p\u00ebrmendi Pashk\u00ebt Ortodokse apo agj\u00ebrimin e mysliman\u00ebve n\u00eb k\u00ebto dit\u00eb, teksa tha se festat fetare nuk jan\u00eb kurrsesi p\u00ebr t\u2019u ndar\u00eb, por p\u00ebr t\u2019u bashkuar.<\/p>\n<p>Mesazhi i plot\u00eb:<\/p>\n<p>N\u00eb pamund\u00ebsi p\u00ebr t\u00eb ardhur tek secili prej jush dhe p\u00ebr t\u00eb trokitur n\u00eb der\u00ebn tuaj p\u00ebr t\u2019ju uruar Pashk\u00ebt, po e b\u00ebj k\u00ebt\u00eb n\u00ebp\u00ebrmjet nj\u00eb videomesazhi, fal\u00eb rrjeteve sociale shpresoj q\u00eb t\u00eb arrij\u00eb n\u00eb zemr\u00ebn e secilit prej jush.<\/p>\n<p>D\u00ebshiroj tju uroj Pashk\u00ebt me k\u00ebt\u00eb mesazh t\u00eb gjith\u00eb besimtar\u00ebve katolik\u00eb t\u00eb Dioqez\u00ebs s\u00eb Rr\u00ebshenit, duke filluar nga Mirdita deri n\u00eb Dib\u00ebr, por edhe t\u00eb gjith\u00eb atyreve q\u00eb do ta shohin k\u00ebt\u00eb mesazh.<\/p>\n<p>D\u00ebshiroj t\u00eb jap dy mesazhe n\u00eb k\u00ebt\u00eb video. Mesazhi i par\u00eb: Fjala Pashk\u00eb do t\u00eb thot\u00eb kalim dhe ju ftoj q\u00eb t\u00eb p\u00ebrfitoni t\u00eb gjith\u00eb ato kalime t\u00eb bukura q\u00eb kan\u00eb ndodhur n\u00eb jet\u00ebn ton\u00eb. P\u00ebr shembull nga shtrati i spitalit n\u00eb nj\u00eb jet\u00eb t\u00eb sh\u00ebndetshme, apo kalimi nga qelia e nj\u00eb burgu drejt gjirit t\u00eb familjes. Nga bankat e shkoll\u00ebs drejt jet\u00ebs s\u00eb Pun\u00ebs. Vendimin e dy t\u00eb rinjve q\u00eb kan\u00eb d\u00ebshir\u00eb t\u00eb krijojn\u00eb nj\u00eb familje dhe t\u00eb lindin f\u00ebmij\u00eb. Pra k\u00ebto kan\u00eb t\u00eb b\u00ebjn\u00eb me Pashk\u00ebt. Pashka \u00ebsht\u00eb kalim dhe k\u00ebto jan\u00eb shenjat e Pashk\u00ebs n\u00eb jet\u00ebn ton\u00eb. \u00cbsht\u00eb vet\u00eb jeta nj\u00eb kremtim Pashk\u00ebsh. \u00cbsht\u00eb vet\u00eb jeta nj\u00eb Pashk\u00eb me keto kalime rip\u00ebrt\u00ebrit\u00ebse.<\/p>\n<p>Duhet t\u00eb themi ama q\u00eb jo t\u00eb gjitha kalimet jan\u00eb t\u00eb bukura. Shpeshher\u00eb ne kalojm\u00eb nga paqja n\u00eb luft\u00eb, nga qet\u00ebsia n\u00eb grindje, nga jeta e ndershme n\u00eb jet\u00eb t\u00eb joshur nga korrupsioni. K\u00ebto jan\u00eb kalime t\u00eb mbrapshta q\u00eb e sh\u00ebmtojn\u00eb bukurin\u00eb e jet\u00ebs ton\u00eb. E megjithat\u00eb jemi n\u00eb Pashk\u00eb. Pashka na jep mesazhin se s\u2019duhet t\u00eb heqim dor\u00eb nga shpresa. Nuk duhet t\u00eb heqim dor\u00eb nga angazhimi yn\u00eb. P\u00ebr t\u00eb b\u00ebr\u00eb ato kalime t\u00eb bukura n\u00eb jet\u00ebn ton\u00eb, se k\u00ebtu \u00ebsht\u00eb thelbi i Pashk\u00ebve.<\/p>\n<p>Mesazhi i dyt\u00eb \u00ebsht\u00eb ky: Sot kemi Pashk\u00eb ne t\u00eb krishter\u00ebt katolik\u00eb, mbas nj\u00eb jave do t\u00eb ken\u00eb Pashk\u00eb v\u00ebllez\u00ebrit dhe motrat ton\u00eb ortodoks\u00eb. Gjat\u00eb k\u00ebtyre dit\u00ebve v\u00ebllez\u00ebrit dhe motrat ton\u00eb mysliman\u00eb po agj\u00ebrojn\u00eb. Festat fetare nuk jan\u00eb kurrsesi, nuk jan\u00eb nj\u00eb motiv p\u00ebr tu ndar\u00eb, por jan\u00eb p\u00ebrbashkues. Qenia njer\u00ebzore \u00ebsht\u00eb e aft\u00eb, madje t\u00eb g\u00ebzoj\u00eb me g\u00ebzimin e tjetrit dhe ne jemi t\u00eb thirrur t\u00eb respektojm\u00eb dhe t\u00eb nderojm\u00eb zgjedhjen, mundin, sakrific\u00ebn dhe lirin\u00eb e  tjetrit<\/p>\n<p>K\u00ebshtu t\u00eb gjith\u00eb bashk\u00eb krijojm\u00eb nj\u00eb shoq\u00ebri me harmoni. Edhe nj\u00eb her\u00eb t\u00eb gjith\u00eb juve q\u00eb po m\u00eb ndiqni, ju uroj g\u00ebzuar Pashk\u00ebt. Zoti i bekoft\u00eb familjet tuaja e qoft\u00eb Krishti drita e jet\u00ebs tuaj p\u00ebr shum\u00eb vjet.<\/p>","protected":false},"excerpt":{"rendered":"<p>Dom Gjergj Meta Ipeshk\u00ebv n\u00eb Dioqeza Rr\u00ebshen ka uruar t\u00eb gjith\u00eb besimtar\u00ebt katolik\u00eb p\u00ebr Pash\u00ebt, teksa ka p\u00ebrcjell\u00eb edhe dy mesazhe. N\u00eb mesazhin e tij, Dom Gjergj Meta thot\u00eb se Pashk\u00eb do t\u00eb thot\u00eb kalimi n\u00eb jet\u00ebt ton\u00eb n\u00eb gj\u00ebrat e mira. \u201cFjala Pashk\u00eb do t\u00eb thot\u00eb kalim, dhe ju ftoj q\u00eb t\u00eb p\u00ebrfitoni t\u00eb [&hellip;]<\/p>\n","protected":false},"author":2031,"featured_media":173060,"comment_status":"closed","ping_status":"closed","sticky":false,"template":"","format":"standard","meta":{"footnotes":""},"categories":[241,231,235],"tags":[],"class_list":{"0":"post-251793","1":"post","2":"type-post","3":"status-publish","4":"format-standard","5":"has-post-thumbnail","7":"category-aktualitet","8":"category-lajme","9":"category-vendi"},"_links":{"self":[{"href":"https:\/\/zjarr.tv\/en\/wp-json\/wp\/v2\/posts\/251793","targetHints":{"allow":["GET"]}}],"collection":[{"href":"https:\/\/zjarr.tv\/en\/wp-json\/wp\/v2\/posts"}],"about":[{"href":"https:\/\/zjarr.tv\/en\/wp-json\/wp\/v2\/types\/post"}],"author":[{"embeddable":true,"href":"https:\/\/zjarr.tv\/en\/wp-json\/wp\/v2\/users\/2031"}],"replies":[{"embeddable":true,"href":"https:\/\/zjarr.tv\/en\/wp-json\/wp\/v2\/comments?post=251793"}],"version-history":[{"count":0,"href":"https:\/\/zjarr.tv\/en\/wp-json\/wp\/v2\/posts\/251793\/revisions"}],"wp:featuredmedia":[{"embeddable":true,"href":"https:\/\/zjarr.tv\/en\/wp-json\/wp\/v2\/media\/173060"}],"wp:attachment":[{"href":"https:\/\/zjarr.tv\/en\/wp-json\/wp\/v2\/media?parent=251793"}],"wp:term":[{"taxonomy":"category","embeddable":true,"href":"https:\/\/zjarr.tv\/en\/wp-json\/wp\/v2\/categories?post=251793"},{"taxonomy":"post_tag","embeddable":true,"href":"https:\/\/zjarr.tv\/en\/wp-json\/wp\/v2\/tags?post=251793"}],"curies":[{"name":"wp","href":"https:\/\/api.w.org\/{rel}","templated":true}]}}