{"id":251814,"date":"2022-04-17T13:00:15","date_gmt":"2022-04-17T11:00:15","guid":{"rendered":"https:\/\/zjarr.tv\/?p=251814"},"modified":"2022-04-17T13:00:15","modified_gmt":"2022-04-17T11:00:15","slug":"veliaj-uron-besimtaret-e-krishtere-per-pashken-ne-nje-dite-te-bekuar-si-kjo-ju-uroj-pashke-te-gezuar","status":"publish","type":"post","link":"https:\/\/zjarr.tv\/en\/veliaj-uron-besimtaret-e-krishtere-per-pashken-ne-nje-dite-te-bekuar-si-kjo-ju-uroj-pashke-te-gezuar\/","title":{"rendered":"Veliaj uron besimtar\u00ebt e krishter\u00eb p\u00ebr Pashk\u00ebn: \u201cN\u00eb nj\u00eb dit\u00eb t\u00eb bekuar si kjo, ju uroj PASHK\u00cb T\u00cb G\u00cbZUAR\u201d"},"content":{"rendered":"<p>Kryetari i Bashkis\u00eb s\u00eb Tiran\u00ebs, Erion Veliaj, ka uruar besimtar\u00ebt e krishter\u00eb p\u00ebr fest\u00ebn e Pashk\u00ebs p\u00ebrmes nj\u00eb mesazhi n\u00eb rrjetin social Facebook.<\/p>\n<p>N\u00eb urimin e tij p\u00ebr k\u00ebt\u00eb fest\u00eb t\u00eb komunitetit katolik, Veliaj shkruan: \u201cN\u00eb nj\u00eb dit\u00eb t\u00eb bekuar si kjo, ju uroj PASHK\u00cb T\u00cb G\u00cbZUAR\u201d.<\/p>","protected":false},"excerpt":{"rendered":"<p>Kryetari i Bashkis\u00eb s\u00eb Tiran\u00ebs, Erion Veliaj, ka uruar besimtar\u00ebt e krishter\u00eb p\u00ebr fest\u00ebn e Pashk\u00ebs p\u00ebrmes nj\u00eb mesazhi n\u00eb rrjetin social Facebook. N\u00eb urimin e tij p\u00ebr k\u00ebt\u00eb fest\u00eb t\u00eb komunitetit katolik, Veliaj shkruan: \u201cN\u00eb nj\u00eb dit\u00eb t\u00eb bekuar si kjo, ju uroj PASHK\u00cb T\u00cb G\u00cbZUAR\u201d.<\/p>","protected":false},"author":2031,"featured_media":251815,"comment_status":"closed","ping_status":"closed","sticky":false,"template":"","format":"standard","meta":{"footnotes":""},"categories":[241,231,235],"tags":[],"class_list":{"0":"post-251814","1":"post","2":"type-post","3":"status-publish","4":"format-standard","5":"has-post-thumbnail","7":"category-aktualitet","8":"category-lajme","9":"category-vendi"},"_links":{"self":[{"href":"https:\/\/zjarr.tv\/en\/wp-json\/wp\/v2\/posts\/251814","targetHints":{"allow":["GET"]}}],"collection":[{"href":"https:\/\/zjarr.tv\/en\/wp-json\/wp\/v2\/posts"}],"about":[{"href":"https:\/\/zjarr.tv\/en\/wp-json\/wp\/v2\/types\/post"}],"author":[{"embeddable":true,"href":"https:\/\/zjarr.tv\/en\/wp-json\/wp\/v2\/users\/2031"}],"replies":[{"embeddable":true,"href":"https:\/\/zjarr.tv\/en\/wp-json\/wp\/v2\/comments?post=251814"}],"version-history":[{"count":0,"href":"https:\/\/zjarr.tv\/en\/wp-json\/wp\/v2\/posts\/251814\/revisions"}],"wp:featuredmedia":[{"embeddable":true,"href":"https:\/\/zjarr.tv\/en\/wp-json\/wp\/v2\/media\/251815"}],"wp:attachment":[{"href":"https:\/\/zjarr.tv\/en\/wp-json\/wp\/v2\/media?parent=251814"}],"wp:term":[{"taxonomy":"category","embeddable":true,"href":"https:\/\/zjarr.tv\/en\/wp-json\/wp\/v2\/categories?post=251814"},{"taxonomy":"post_tag","embeddable":true,"href":"https:\/\/zjarr.tv\/en\/wp-json\/wp\/v2\/tags?post=251814"}],"curies":[{"name":"wp","href":"https:\/\/api.w.org\/{rel}","templated":true}]}}