{"id":251828,"date":"2022-04-17T13:52:45","date_gmt":"2022-04-17T11:52:45","guid":{"rendered":"https:\/\/zjarr.tv\/?p=251828"},"modified":"2022-04-17T13:52:50","modified_gmt":"2022-04-17T11:52:50","slug":"demokratet-e-vlores-dhe-kukesit-votojne-per-kryetaret-e-rinj-te-degeve","status":"publish","type":"post","link":"https:\/\/zjarr.tv\/en\/demokratet-e-vlores-dhe-kukesit-votojne-per-kryetaret-e-rinj-te-degeve\/","title":{"rendered":"Demokrat\u00ebt e Vlor\u00ebs dhe Kuk\u00ebsit votojn\u00eb p\u00ebr kryetar\u00ebt e rinj t\u00eb deg\u00ebve"},"content":{"rendered":"<p>Demokrat\u00ebt e Vlor\u00ebs do t\u00eb zgjedhin sot kryetarin e ri t\u00eb Partis\u00eb Demokratike n\u00eb k\u00ebt\u00eb deg\u00eb. M\u00eb shum\u00eb se 1200 an\u00ebtar\u00eb me t\u00eb drejt\u00eb vote pritet t\u00eb marrin pjes\u00eb n\u00eb votime, n\u00eb procesin q\u00eb pritet t\u00eb zgjas\u00eb deri n\u00eb or\u00ebn 18:00.<\/p>\n<p>N\u00eb gar\u00eb p\u00ebr kreun e ri t\u00eb deg\u00ebs Vlor\u00eb jan\u00eb Atird Hoxhaj, Edmond Banushaj, Fatjon Fejzaj dhe Lorenc Danaj.<\/p>\n<p>Edhe n\u00eb Kuk\u00ebs do t\u00eb zhvillohen zgjedhjet p\u00ebr kryetarin e ri t\u00eb deg\u00ebs, ku garojn\u00eb dy kandidat\u00eb, Admir Sinamati dhe Irel Elezi.<\/p>\n<p>N\u00eb k\u00ebt\u00eb deg\u00eb jan\u00eb rreth 2500 an\u00ebtar\u00eb me t\u00eb drejt\u00eb vote, teksa n\u00eb mbr\u00ebmje pritet t\u00eb shpallet edhe emri i fituesit.<\/p>","protected":false},"excerpt":{"rendered":"<p>Demokrat\u00ebt e Vlor\u00ebs do t\u00eb zgjedhin sot kryetarin e ri t\u00eb Partis\u00eb Demokratike n\u00eb k\u00ebt\u00eb deg\u00eb. M\u00eb shum\u00eb se 1200 an\u00ebtar\u00eb me t\u00eb drejt\u00eb vote pritet t\u00eb marrin pjes\u00eb n\u00eb votime, n\u00eb procesin q\u00eb pritet t\u00eb zgjas\u00eb deri n\u00eb or\u00ebn 18:00. N\u00eb gar\u00eb p\u00ebr kreun e ri t\u00eb deg\u00ebs Vlor\u00eb jan\u00eb Atird Hoxhaj, Edmond Banushaj, [&hellip;]<\/p>\n","protected":false},"author":2030,"featured_media":251829,"comment_status":"closed","ping_status":"closed","sticky":false,"template":"","format":"standard","meta":{"footnotes":""},"categories":[241,5380,231,1454],"tags":[],"class_list":{"0":"post-251828","1":"post","2":"type-post","3":"status-publish","4":"format-standard","5":"has-post-thumbnail","7":"category-aktualitet","8":"category-kryesore","9":"category-lajme","10":"category-politike"},"_links":{"self":[{"href":"https:\/\/zjarr.tv\/en\/wp-json\/wp\/v2\/posts\/251828","targetHints":{"allow":["GET"]}}],"collection":[{"href":"https:\/\/zjarr.tv\/en\/wp-json\/wp\/v2\/posts"}],"about":[{"href":"https:\/\/zjarr.tv\/en\/wp-json\/wp\/v2\/types\/post"}],"author":[{"embeddable":true,"href":"https:\/\/zjarr.tv\/en\/wp-json\/wp\/v2\/users\/2030"}],"replies":[{"embeddable":true,"href":"https:\/\/zjarr.tv\/en\/wp-json\/wp\/v2\/comments?post=251828"}],"version-history":[{"count":0,"href":"https:\/\/zjarr.tv\/en\/wp-json\/wp\/v2\/posts\/251828\/revisions"}],"wp:featuredmedia":[{"embeddable":true,"href":"https:\/\/zjarr.tv\/en\/wp-json\/wp\/v2\/media\/251829"}],"wp:attachment":[{"href":"https:\/\/zjarr.tv\/en\/wp-json\/wp\/v2\/media?parent=251828"}],"wp:term":[{"taxonomy":"category","embeddable":true,"href":"https:\/\/zjarr.tv\/en\/wp-json\/wp\/v2\/categories?post=251828"},{"taxonomy":"post_tag","embeddable":true,"href":"https:\/\/zjarr.tv\/en\/wp-json\/wp\/v2\/tags?post=251828"}],"curies":[{"name":"wp","href":"https:\/\/api.w.org\/{rel}","templated":true}]}}