{"id":251836,"date":"2022-04-17T13:57:16","date_gmt":"2022-04-17T11:57:16","guid":{"rendered":"https:\/\/zjarr.tv\/?p=251836"},"modified":"2022-04-17T13:57:16","modified_gmt":"2022-04-17T11:57:16","slug":"kandidati-per-kryetar-te-pd-ne-kukes-terhiqet-nga-gara-dhe-sulmon-grupin-e-rithemelimit-keta-duan-te-operojne-me-listat-e-lulzim-bashes","status":"publish","type":"post","link":"https:\/\/zjarr.tv\/en\/kandidati-per-kryetar-te-pd-ne-kukes-terhiqet-nga-gara-dhe-sulmon-grupin-e-rithemelimit-keta-duan-te-operojne-me-listat-e-lulzim-bashes\/","title":{"rendered":"Kandidati p\u00ebr kryetar t\u00eb PD n\u00eb Kuk\u00ebs t\u00ebrhiqet nga gara dhe sulmon Grupin e Rithemelimit: K\u00ebta duan t\u00eb operojn\u00eb me listat e Lulzim Bash\u00ebs"},"content":{"rendered":"<p>Irel Elezi, kandidat p\u00ebr kryetar t\u00eb Partis\u00eb Demokratike n\u00eb deg\u00ebn Kuk\u00ebs, \u00ebsht\u00eb t\u00ebrhequr nga gara. Ai thot\u00eb se lista e an\u00ebtar\u00ebsis\u00eb nuk p\u00ebrputhet me list\u00ebn e qershorit t\u00eb vitit t\u00eb kaluar.<\/p>\n<p>Elezi sulmon edhe Grupin e Rithemelimit, p\u00ebr t\u00eb cil\u00ebt thot\u00eb se duan t\u2019i b\u00ebjn\u00eb zgjedhjet me listat e Lulzim Bash\u00ebs, pasi nuk kan\u00eb hartuar listat e an\u00ebtar\u00ebsis\u00eb pas Kuvendit t\u00eb 11 dhjetorit.<\/p>\n<p>Postimi i Irel Elezit:<\/p>\n<p>Meqenese diten e djeshme pas marrjes se listave te votimit te antaresise, kam verifikuar se ato nuk perputhen me listat e qershorit 2021, mbi 200 emra.<\/p>\n<p>Per rrjedhoje i kerkova grupit rithemelimit listat e hartuara nga grupi i themelimit gjate procesit riorganizimit pas kuvendit te dates 11 dhjetor.<\/p>\n<p>Ata pohojne se nuk kane hrtuar lista gjate ketij procesi.<\/p>\n<p>Per rrjedhoje keto jane duke operuar me listat e Lulezim Bashes dhe nuk deklarojn\u00eb origjin\u00ebn e tyre.<\/p>\n<p>I kerkova komisionit te nderprese procesin qe para fillimit dhe te verifikojme origjinen e ketyre listave.<\/p>\n<p>Dorezova ankimimin pran\u00eb komisionit , ne rast te vazhdimit te njeanshem deklaroj:<\/p>\n<p>Terheqjen nga gara per arsye te manipulimit te listave dhe t\u00eb gar\u00ebs.<\/p>","protected":false},"excerpt":{"rendered":"<p>Irel Elezi, kandidat p\u00ebr kryetar t\u00eb Partis\u00eb Demokratike n\u00eb deg\u00ebn Kuk\u00ebs, \u00ebsht\u00eb t\u00ebrhequr nga gara. Ai thot\u00eb se lista e an\u00ebtar\u00ebsis\u00eb nuk p\u00ebrputhet me list\u00ebn e qershorit t\u00eb vitit t\u00eb kaluar. Elezi sulmon edhe Grupin e Rithemelimit, p\u00ebr t\u00eb cil\u00ebt thot\u00eb se duan t\u2019i b\u00ebjn\u00eb zgjedhjet me listat e Lulzim Bash\u00ebs, pasi nuk kan\u00eb hartuar [&hellip;]<\/p>\n","protected":false},"author":2030,"featured_media":251837,"comment_status":"closed","ping_status":"closed","sticky":false,"template":"","format":"standard","meta":{"footnotes":""},"categories":[241,3366,5380,231,1454],"tags":[],"class_list":{"0":"post-251836","1":"post","2":"type-post","3":"status-publish","4":"format-standard","5":"has-post-thumbnail","7":"category-aktualitet","8":"category-koment","9":"category-kryesore","10":"category-lajme","11":"category-politike"},"_links":{"self":[{"href":"https:\/\/zjarr.tv\/en\/wp-json\/wp\/v2\/posts\/251836","targetHints":{"allow":["GET"]}}],"collection":[{"href":"https:\/\/zjarr.tv\/en\/wp-json\/wp\/v2\/posts"}],"about":[{"href":"https:\/\/zjarr.tv\/en\/wp-json\/wp\/v2\/types\/post"}],"author":[{"embeddable":true,"href":"https:\/\/zjarr.tv\/en\/wp-json\/wp\/v2\/users\/2030"}],"replies":[{"embeddable":true,"href":"https:\/\/zjarr.tv\/en\/wp-json\/wp\/v2\/comments?post=251836"}],"version-history":[{"count":0,"href":"https:\/\/zjarr.tv\/en\/wp-json\/wp\/v2\/posts\/251836\/revisions"}],"wp:featuredmedia":[{"embeddable":true,"href":"https:\/\/zjarr.tv\/en\/wp-json\/wp\/v2\/media\/251837"}],"wp:attachment":[{"href":"https:\/\/zjarr.tv\/en\/wp-json\/wp\/v2\/media?parent=251836"}],"wp:term":[{"taxonomy":"category","embeddable":true,"href":"https:\/\/zjarr.tv\/en\/wp-json\/wp\/v2\/categories?post=251836"},{"taxonomy":"post_tag","embeddable":true,"href":"https:\/\/zjarr.tv\/en\/wp-json\/wp\/v2\/tags?post=251836"}],"curies":[{"name":"wp","href":"https:\/\/api.w.org\/{rel}","templated":true}]}}