{"id":251845,"date":"2022-04-17T14:02:24","date_gmt":"2022-04-17T12:02:24","guid":{"rendered":"https:\/\/zjarr.tv\/?p=251845"},"modified":"2022-04-17T14:02:24","modified_gmt":"2022-04-17T12:02:24","slug":"aksion-pastrimi-ne-kashar-veliaj-atdhetar-eshte-ai-qe-kujdeset-per-vendin-ku-jeton","status":"publish","type":"post","link":"https:\/\/zjarr.tv\/en\/aksion-pastrimi-ne-kashar-veliaj-atdhetar-eshte-ai-qe-kujdeset-per-vendin-ku-jeton\/","title":{"rendered":"\u201cAksion pastrimi n\u00eb Kashar\u201d, Veliaj: Atdhetar \u00ebsht\u00eb ai q\u00eb kujdeset p\u00ebr vendin ku jeton"},"content":{"rendered":"<p>Qytetar\u00eb t\u00eb shumt\u00eb, p\u00ebrfaq\u00ebsues t\u00eb shoq\u00ebris\u00eb civile, aktivist\u00eb t\u00eb \u00e7\u00ebshtjeve ambientalist\u00eb, i jan\u00eb p\u00ebrgjigjur sot thirrjes s\u00eb Bashkis\u00eb s\u00eb Tiran\u00ebs p\u00ebr t\u00eb pastruar n\u00eb zon\u00ebn e Kasharit. Sikurse mund t\u00eb shihni dhe nga k\u00ebto foto t\u00eb publikuatra nga kryebashkiaku Erion Veliaj, e gjith\u00eb zona \u00ebsht\u00eb rehabilituar nga mbetjet e hedhura pa kriter.<\/p>\n<p>\u201cAksion pastrimi n\u00eb Kashar. Atdhetar \u00ebsht\u00eb ai q\u00eb kujdeset p\u00ebr vendin ku jeton! Bravo\u201d, shkruan Veliaj.<\/p>\n<p>Nd\u00ebrkoh\u00eb q\u00eb n\u00eb ndihm\u00eb t\u00eb tyre kan\u00eb qen\u00eb edhe nd\u00ebrmarrjet e bashkis\u00eb t\u00eb cilat jan\u00eb angazhuar kryesisht n\u00eb largimin e mbetjeve inerte.<\/p>","protected":false},"excerpt":{"rendered":"<p>Qytetar\u00eb t\u00eb shumt\u00eb, p\u00ebrfaq\u00ebsues t\u00eb shoq\u00ebris\u00eb civile, aktivist\u00eb t\u00eb \u00e7\u00ebshtjeve ambientalist\u00eb, i jan\u00eb p\u00ebrgjigjur sot thirrjes s\u00eb Bashkis\u00eb s\u00eb Tiran\u00ebs p\u00ebr t\u00eb pastruar n\u00eb zon\u00ebn e Kasharit. Sikurse mund t\u00eb shihni dhe nga k\u00ebto foto t\u00eb publikuatra nga kryebashkiaku Erion Veliaj, e gjith\u00eb zona \u00ebsht\u00eb rehabilituar nga mbetjet e hedhura pa kriter. \u201cAksion pastrimi n\u00eb [&hellip;]<\/p>\n","protected":false},"author":2030,"featured_media":251846,"comment_status":"closed","ping_status":"closed","sticky":false,"template":"","format":"standard","meta":{"footnotes":""},"categories":[241,3366,5380,231,1454],"tags":[],"class_list":{"0":"post-251845","1":"post","2":"type-post","3":"status-publish","4":"format-standard","5":"has-post-thumbnail","7":"category-aktualitet","8":"category-koment","9":"category-kryesore","10":"category-lajme","11":"category-politike"},"_links":{"self":[{"href":"https:\/\/zjarr.tv\/en\/wp-json\/wp\/v2\/posts\/251845","targetHints":{"allow":["GET"]}}],"collection":[{"href":"https:\/\/zjarr.tv\/en\/wp-json\/wp\/v2\/posts"}],"about":[{"href":"https:\/\/zjarr.tv\/en\/wp-json\/wp\/v2\/types\/post"}],"author":[{"embeddable":true,"href":"https:\/\/zjarr.tv\/en\/wp-json\/wp\/v2\/users\/2030"}],"replies":[{"embeddable":true,"href":"https:\/\/zjarr.tv\/en\/wp-json\/wp\/v2\/comments?post=251845"}],"version-history":[{"count":0,"href":"https:\/\/zjarr.tv\/en\/wp-json\/wp\/v2\/posts\/251845\/revisions"}],"wp:featuredmedia":[{"embeddable":true,"href":"https:\/\/zjarr.tv\/en\/wp-json\/wp\/v2\/media\/251846"}],"wp:attachment":[{"href":"https:\/\/zjarr.tv\/en\/wp-json\/wp\/v2\/media?parent=251845"}],"wp:term":[{"taxonomy":"category","embeddable":true,"href":"https:\/\/zjarr.tv\/en\/wp-json\/wp\/v2\/categories?post=251845"},{"taxonomy":"post_tag","embeddable":true,"href":"https:\/\/zjarr.tv\/en\/wp-json\/wp\/v2\/tags?post=251845"}],"curies":[{"name":"wp","href":"https:\/\/api.w.org\/{rel}","templated":true}]}}