{"id":251854,"date":"2022-04-17T14:08:55","date_gmt":"2022-04-17T12:08:55","guid":{"rendered":"https:\/\/zjarr.tv\/?p=251854"},"modified":"2022-04-17T14:08:55","modified_gmt":"2022-04-17T12:08:55","slug":"pas-12-ditesh-kerkime-gjendet-trupi-i-pajete-i-10-vjecarit-ne-lumin-fan","status":"publish","type":"post","link":"https:\/\/zjarr.tv\/en\/pas-12-ditesh-kerkime-gjendet-trupi-i-pajete-i-10-vjecarit-ne-lumin-fan\/","title":{"rendered":"Pas 12 dit\u00ebsh k\u00ebrkime, gjendet trupi i pajet\u00eb i 10-vje\u00e7arit n\u00eb lumin Fan"},"content":{"rendered":"<p>\u00cbsht\u00eb gjetur trupi i 10-vje\u00e7arit, pas 12 dit\u00ebsh k\u00ebrkim n\u00eb lumin Fan.<\/p>\n<p>M\u00eb dat\u00eb 5 prill, i mituri ra n\u00eb uj\u00ebrat e lumit Fan, Mirdit\u00eb\u00a0 teksa ishte duke\u00a0 luajtur me top, me shok\u00ebt. Ai ishte nisur p\u00ebr t\u00eb marr\u00eb topin e r\u00ebn\u00eb n\u00eb lum\u00eb, por fatkeq\u00ebsisht ra n\u00eb uj\u00eb dhe u rr\u00ebmbye nga rrjedha e lumit.<\/p>\n<p>K\u00ebrkimet p\u00ebr gjetjen e trupit u b\u00ebn t\u00eb v\u00ebshtira dhe p\u00ebr shkak t\u00eb reshjeve t\u00eb shumta q\u00eb pati dit\u00ebt e fundit q\u00eb b\u00ebn\u00eb q\u00eb niveli i ujit t\u00eb rritej. Por pas 12 dit\u00ebsh k\u00ebrkime sot policia ka gjetur trupin e pajet\u00eb t\u00eb t\u00eb miturit q\u00eb humbi jet\u00ebn tragjikisht n\u00eb lum.<\/p>\n<p>\u201cPolumbar\u00eb t\u00eb Forc\u00ebs Detare, t\u00eb Forcave t\u00eb Armatosura u angazhuan p\u00ebr m\u00eb shum\u00eb se 10 dit\u00eb n\u00eb k\u00ebrkimet p\u00ebr gjetjen e trupit t\u00eb f\u00ebmij\u00ebs 10-vjecar, q\u00eb u mbyt m\u00eb dat\u00eb 5 prill n\u00eb lumin Fan, n\u00eb Mirdit\u00eb. Trupi i pajet\u00eb \u00ebsht\u00eb nxjerr\u00eb sot. Ai u gjet pran\u00eb dig\u00ebs s\u00eb hidrocentralit n\u00eb Reps, n\u00eb thell\u00ebsin\u00eb 7 metra. K\u00ebrkimet u zhvilluan n\u00eb brigjet e lumit Fan, edhe n\u00eb kushte t\u00eb moti ekstrem.<\/p>\n<p>Trupi i pajet\u00eb iu dor\u00ebzua autoriteteve dhe familjar\u00ebve p\u00ebr procedurat e m\u00ebtejshme\u201d thuhet n\u00eb njoftim.<\/p>\n<p>Pas lajmit se trupi i vog\u00eblushit u gjet, ka reaguar edhe Dom Gjergj Meta, i cili shkruan \u201cSot falenderojm\u00eb Zotin q\u00eb trupi i Sevastian Lask\u00ebs, f\u00ebmij\u00ebs q\u00eb u mbyt n\u00eb lumin Fan, u gjet. Ngush\u00ebllime familjes e faleminderit t\u00eb gjith\u00eb atyre q\u00eb jan\u00eb angazhuar p\u00ebr ta gjetur. Zoti e bani nj\u00eb mrekulli p\u00ebr familjen Laska e p\u00ebr t\u00eb gjith\u00eb ne! Pusho n\u00eb paqe engj\u00ebll i vog\u00ebl e lutju Zotit p\u00ebr ne\u201d.<\/p>\n<p><img loading=\"lazy\" decoding=\"async\" class=\"alignnone size-medium wp-image-251856\" src=\"https:\/\/zjarr.tv\/wp-content\/uploads\/2022\/04\/Untitled-design-2022-04-17T140833.544-300x251.jpg\" alt=\"\" width=\"300\" height=\"251\" srcset=\"https:\/\/zjarr.tv\/wp-content\/uploads\/2022\/04\/Untitled-design-2022-04-17T140833.544-300x251.jpg 300w, https:\/\/zjarr.tv\/wp-content\/uploads\/2022\/04\/Untitled-design-2022-04-17T140833.544-768x644.jpg 768w, https:\/\/zjarr.tv\/wp-content\/uploads\/2022\/04\/Untitled-design-2022-04-17T140833.544-696x583.jpg 696w, https:\/\/zjarr.tv\/wp-content\/uploads\/2022\/04\/Untitled-design-2022-04-17T140833.544-501x420.jpg 501w, https:\/\/zjarr.tv\/wp-content\/uploads\/2022\/04\/Untitled-design-2022-04-17T140833.544.jpg 940w\" sizes=\"auto, (max-width: 300px) 100vw, 300px\" \/><\/p>","protected":false},"excerpt":{"rendered":"<p>\u00cbsht\u00eb gjetur trupi i 10-vje\u00e7arit, pas 12 dit\u00ebsh k\u00ebrkim n\u00eb lumin Fan. M\u00eb dat\u00eb 5 prill, i mituri ra n\u00eb uj\u00ebrat e lumit Fan, Mirdit\u00eb\u00a0 teksa ishte duke\u00a0 luajtur me top, me shok\u00ebt. Ai ishte nisur p\u00ebr t\u00eb marr\u00eb topin e r\u00ebn\u00eb n\u00eb lum\u00eb, por fatkeq\u00ebsisht ra n\u00eb uj\u00eb dhe u rr\u00ebmbye nga rrjedha e [&hellip;]<\/p>\n","protected":false},"author":2030,"featured_media":251855,"comment_status":"closed","ping_status":"closed","sticky":false,"template":"","format":"standard","meta":{"footnotes":""},"categories":[241],"tags":[],"class_list":{"0":"post-251854","1":"post","2":"type-post","3":"status-publish","4":"format-standard","5":"has-post-thumbnail","7":"category-aktualitet"},"_links":{"self":[{"href":"https:\/\/zjarr.tv\/en\/wp-json\/wp\/v2\/posts\/251854","targetHints":{"allow":["GET"]}}],"collection":[{"href":"https:\/\/zjarr.tv\/en\/wp-json\/wp\/v2\/posts"}],"about":[{"href":"https:\/\/zjarr.tv\/en\/wp-json\/wp\/v2\/types\/post"}],"author":[{"embeddable":true,"href":"https:\/\/zjarr.tv\/en\/wp-json\/wp\/v2\/users\/2030"}],"replies":[{"embeddable":true,"href":"https:\/\/zjarr.tv\/en\/wp-json\/wp\/v2\/comments?post=251854"}],"version-history":[{"count":0,"href":"https:\/\/zjarr.tv\/en\/wp-json\/wp\/v2\/posts\/251854\/revisions"}],"wp:featuredmedia":[{"embeddable":true,"href":"https:\/\/zjarr.tv\/en\/wp-json\/wp\/v2\/media\/251855"}],"wp:attachment":[{"href":"https:\/\/zjarr.tv\/en\/wp-json\/wp\/v2\/media?parent=251854"}],"wp:term":[{"taxonomy":"category","embeddable":true,"href":"https:\/\/zjarr.tv\/en\/wp-json\/wp\/v2\/categories?post=251854"},{"taxonomy":"post_tag","embeddable":true,"href":"https:\/\/zjarr.tv\/en\/wp-json\/wp\/v2\/tags?post=251854"}],"curies":[{"name":"wp","href":"https:\/\/api.w.org\/{rel}","templated":true}]}}