{"id":253508,"date":"2022-04-24T11:40:57","date_gmt":"2022-04-24T09:40:57","guid":{"rendered":"https:\/\/zjarr.tv\/?p=253508"},"modified":"2022-04-24T11:40:57","modified_gmt":"2022-04-24T09:40:57","slug":"aksident-i-rende-ne-tirane-motori-perplaset-me-autobusin-nderron-jete-45-vjecari","status":"publish","type":"post","link":"https:\/\/zjarr.tv\/en\/aksident-i-rende-ne-tirane-motori-perplaset-me-autobusin-nderron-jete-45-vjecari\/","title":{"rendered":"Aksident i r\u00ebnd\u00eb n\u00eb Tiran\u00eb, motori p\u00ebrplaset me autobusin, nd\u00ebrron jet\u00eb 45-vje\u00e7ari"},"content":{"rendered":"<p>Nj\u00eb aksident i r\u00ebnd\u00eb \u00ebsht\u00eb sh\u00ebnuar dit\u00ebn e  sotme n\u00eb Shkoz\u00eb, Tiran\u00eb.<\/p>\n<p>B\u00ebhet me dije se nj\u00eb motomjet me drejtues ende t\u00eb paidentifikuar, rreth 45 vje\u00e7, \u00ebsht\u00eb p\u00ebrplasur me autobusin e linj\u00ebs s\u00eb Shkoz\u00ebs, me drejtues shtetasin H. T., 60 vje\u00e7.<\/p>\n<p>Si pasoj\u00eb e aksidentit drejtuesi i motorit, ka nd\u00ebrruar jet\u00eb n\u00eb spital.<\/p>\n<p>Grupi hetimor ndodhet n\u00eb vendngjarje dhe po punon p\u00ebr sqarimin e rrethanave t\u00eb aksidentit.<\/p>\n<p>Tiran\u00eb\/Informacion paraprak<\/p>\n<p>M\u00eb dat\u00eb 24.04.2022, n\u00eb Shkoz\u00eb, nj\u00eb motomjet me drejtues ende t\u00eb paidentifikuar, rreth 45 vje\u00e7, \u00ebsht\u00eb p\u00ebrplasur me autobusin e linj\u00ebs s\u00eb Shkoz\u00ebs, me drejtues shtetasin H. T., 60 vje\u00e7.<\/p>\n<p>Si pasoj\u00eb e aksidentit drejtuesi i motomjetit, ka nd\u00ebrruar jet\u00eb n\u00eb spital.<\/p>\n<p>Grupi hetimor ndodhet n\u00eb vendngjarje dhe po punon p\u00ebr sqarimin e rrethanave t\u00eb aksidentit.<\/p>","protected":false},"excerpt":{"rendered":"<p>Nj\u00eb aksident i r\u00ebnd\u00eb \u00ebsht\u00eb sh\u00ebnuar dit\u00ebn e sotme n\u00eb Shkoz\u00eb, Tiran\u00eb. B\u00ebhet me dije se nj\u00eb motomjet me drejtues ende t\u00eb paidentifikuar, rreth 45 vje\u00e7, \u00ebsht\u00eb p\u00ebrplasur me autobusin e linj\u00ebs s\u00eb Shkoz\u00ebs, me drejtues shtetasin H. T., 60 vje\u00e7. Si pasoj\u00eb e aksidentit drejtuesi i motorit, ka nd\u00ebrruar jet\u00eb n\u00eb spital. Grupi hetimor [&hellip;]<\/p>\n","protected":false},"author":2031,"featured_media":253509,"comment_status":"closed","ping_status":"closed","sticky":false,"template":"","format":"standard","meta":{"footnotes":""},"categories":[241,231,235],"tags":[],"class_list":{"0":"post-253508","1":"post","2":"type-post","3":"status-publish","4":"format-standard","5":"has-post-thumbnail","7":"category-aktualitet","8":"category-lajme","9":"category-vendi"},"_links":{"self":[{"href":"https:\/\/zjarr.tv\/en\/wp-json\/wp\/v2\/posts\/253508","targetHints":{"allow":["GET"]}}],"collection":[{"href":"https:\/\/zjarr.tv\/en\/wp-json\/wp\/v2\/posts"}],"about":[{"href":"https:\/\/zjarr.tv\/en\/wp-json\/wp\/v2\/types\/post"}],"author":[{"embeddable":true,"href":"https:\/\/zjarr.tv\/en\/wp-json\/wp\/v2\/users\/2031"}],"replies":[{"embeddable":true,"href":"https:\/\/zjarr.tv\/en\/wp-json\/wp\/v2\/comments?post=253508"}],"version-history":[{"count":0,"href":"https:\/\/zjarr.tv\/en\/wp-json\/wp\/v2\/posts\/253508\/revisions"}],"wp:featuredmedia":[{"embeddable":true,"href":"https:\/\/zjarr.tv\/en\/wp-json\/wp\/v2\/media\/253509"}],"wp:attachment":[{"href":"https:\/\/zjarr.tv\/en\/wp-json\/wp\/v2\/media?parent=253508"}],"wp:term":[{"taxonomy":"category","embeddable":true,"href":"https:\/\/zjarr.tv\/en\/wp-json\/wp\/v2\/categories?post=253508"},{"taxonomy":"post_tag","embeddable":true,"href":"https:\/\/zjarr.tv\/en\/wp-json\/wp\/v2\/tags?post=253508"}],"curies":[{"name":"wp","href":"https:\/\/api.w.org\/{rel}","templated":true}]}}