{"id":253929,"date":"2022-04-25T17:57:46","date_gmt":"2022-04-25T15:57:46","guid":{"rendered":"https:\/\/zjarr.tv\/?p=253929"},"modified":"2022-04-25T17:57:46","modified_gmt":"2022-04-25T15:57:46","slug":"frrok-cupi-maxhoranca-ka-pergjegjesi-qe-e-ka-lene-berishen-si-ciban","status":"publish","type":"post","link":"https:\/\/zjarr.tv\/en\/frrok-cupi-maxhoranca-ka-pergjegjesi-qe-e-ka-lene-berishen-si-ciban\/","title":{"rendered":"Frrok \u00c7upi: Maxhoranca ka p\u00ebrgjegj\u00ebsi q\u00eb e ka l\u00ebn\u00eb Berish\u00ebn si \u00e7iban"},"content":{"rendered":"<p>Analisti Frrok \u00c7upi thot\u00eb se ish-kryeministri Sali Berisha ka mbetur si \u00e7iban n\u00eb politik\u00ebn shqiptare, dhe p\u00ebr k\u00ebt\u00eb ka p\u00ebrgjegj\u00ebsi maxhoranca q\u00eb nuk ka arritur ta largoj\u00eb.<\/p>\n<p>Teksa komentoi figur\u00ebn e presidentit t\u00eb ri, \u00c7upi tha se Mejdani u vendos pik\u00ebrisht p\u00ebr t\u00eb larguar Berish\u00ebn dhe organizat\u00ebn e tij, megjith\u00ebse nj\u00eb gj\u00eb e till\u00eb nuk ndodhi.<\/p>\n<p>\u201cMejdani ishte k\u00ebrkesa e njer\u00ebzve, na hiqni k\u00ebt\u00eb njeri, k\u00ebt\u00eb organizat\u00eb. Megjithat\u00eb nuk e hoq\u00ebn. Maxhoranca ka p\u00ebrgjegj\u00ebsi shum\u00eb t\u00eb madhe ka l\u00ebn\u00eb n\u00eb Shqip\u00ebri nj\u00eb \u00e7iban, nj\u00eb helm t\u00eb luft\u00ebs civile q\u00eb p\u00ebrfaq\u00ebsohet prej vitesh nga Sali Berisha\u201d, u shpreh \u00c7upi.<\/p>","protected":false},"excerpt":{"rendered":"<p>Analisti Frrok \u00c7upi thot\u00eb se ish-kryeministri Sali Berisha ka mbetur si \u00e7iban n\u00eb politik\u00ebn shqiptare, dhe p\u00ebr k\u00ebt\u00eb ka p\u00ebrgjegj\u00ebsi maxhoranca q\u00eb nuk ka arritur ta largoj\u00eb. Teksa komentoi figur\u00ebn e presidentit t\u00eb ri, \u00c7upi tha se Mejdani u vendos pik\u00ebrisht p\u00ebr t\u00eb larguar Berish\u00ebn dhe organizat\u00ebn e tij, megjith\u00ebse nj\u00eb gj\u00eb e till\u00eb nuk [&hellip;]<\/p>\n","protected":false},"author":2031,"featured_media":187507,"comment_status":"closed","ping_status":"closed","sticky":false,"template":"","format":"standard","meta":{"footnotes":""},"categories":[241,231,235],"tags":[],"class_list":{"0":"post-253929","1":"post","2":"type-post","3":"status-publish","4":"format-standard","5":"has-post-thumbnail","7":"category-aktualitet","8":"category-lajme","9":"category-vendi"},"_links":{"self":[{"href":"https:\/\/zjarr.tv\/en\/wp-json\/wp\/v2\/posts\/253929","targetHints":{"allow":["GET"]}}],"collection":[{"href":"https:\/\/zjarr.tv\/en\/wp-json\/wp\/v2\/posts"}],"about":[{"href":"https:\/\/zjarr.tv\/en\/wp-json\/wp\/v2\/types\/post"}],"author":[{"embeddable":true,"href":"https:\/\/zjarr.tv\/en\/wp-json\/wp\/v2\/users\/2031"}],"replies":[{"embeddable":true,"href":"https:\/\/zjarr.tv\/en\/wp-json\/wp\/v2\/comments?post=253929"}],"version-history":[{"count":0,"href":"https:\/\/zjarr.tv\/en\/wp-json\/wp\/v2\/posts\/253929\/revisions"}],"wp:featuredmedia":[{"embeddable":true,"href":"https:\/\/zjarr.tv\/en\/wp-json\/wp\/v2\/media\/187507"}],"wp:attachment":[{"href":"https:\/\/zjarr.tv\/en\/wp-json\/wp\/v2\/media?parent=253929"}],"wp:term":[{"taxonomy":"category","embeddable":true,"href":"https:\/\/zjarr.tv\/en\/wp-json\/wp\/v2\/categories?post=253929"},{"taxonomy":"post_tag","embeddable":true,"href":"https:\/\/zjarr.tv\/en\/wp-json\/wp\/v2\/tags?post=253929"}],"curies":[{"name":"wp","href":"https:\/\/api.w.org\/{rel}","templated":true}]}}