{"id":254303,"date":"2022-04-27T11:40:33","date_gmt":"2022-04-27T09:40:33","guid":{"rendered":"https:\/\/zjarr.tv\/?p=254303"},"modified":"2022-04-27T11:40:33","modified_gmt":"2022-04-27T09:40:33","slug":"ne-1-maj-nis-epoka-e-re-marrin-fund-orvatjet-neper-sportele-kryeministri-rama-del-me-njoftimin-e-rendesishem-ska-me-bakshishe","status":"publish","type":"post","link":"https:\/\/zjarr.tv\/en\/ne-1-maj-nis-epoka-e-re-marrin-fund-orvatjet-neper-sportele-kryeministri-rama-del-me-njoftimin-e-rendesishem-ska-me-bakshishe\/","title":{"rendered":"\u201cN\u00eb 1 Maj nis epoka e re\u201d\/ Marrin fund orvatjet n\u00ebp\u00ebr sportele, kryeministri Rama del me njoftimin e r\u00ebnd\u00ebsish\u00ebm: S&#8217;ka m\u00eb bakshishe!"},"content":{"rendered":"<p>Kryeministri Edi Rama b\u00ebn t\u00eb ditur p\u00ebrmes nj\u00eb postimi n\u00eb rrjetet sociale se q\u00eb nga 1 Maji nis nj\u00eb epok\u00eb e re n\u00eb vendin ton\u00eb, sh\u00ebrbimet pa sportel.<\/p>\n<p>Rama shprehet se tashme vendy yn\u00eb ka hyr\u00eb n\u00eb epok\u00ebn e dixhitalizimit dhe i ofron sh\u00ebrbimet p\u00ebrmes platform\u00ebs komb\u00ebtare digjitale.<\/p>\n<p>Postimi i plot\u00eb:<\/p>\n<p>N\u00eb 1 MAJ nis epoka e re e sh\u00ebrbimeve pa sportel<\/p>\n<p>Shqip\u00ebria ka hyr\u00eb n\u00eb elit\u00ebn e vendeve m\u00eb t\u00eb zhvilluara p\u00ebr qeverisjen digjitale, dhe \u00ebsht\u00eb nd\u00ebr t\u00eb parat q\u00eb i ofron sh\u00ebrbimet me dokumente p\u00ebrmes platform\u00ebs komb\u00ebtare digjitale<\/p>\n<p>Ky \u00ebsht\u00eb nj\u00eb stacion historik i #RevolucionitDigjital ku mbarojn\u00eb radh\u00ebt, zvarritjet dhe bakshishet e nj\u00eb epoke q\u00eb ka mb\u00ebrritur n\u00eb hapat e saj t\u00eb fundi<\/p>\n<p>#T\u00ebBashkuarJoT\u00ebNdar\u00eb<\/p>\n<p>#Shqip\u00ebriaEArdhmjaJon\u00eb<\/p>\n<p>#SkaKoh\u00ebP\u00ebrPushim<\/p>","protected":false},"excerpt":{"rendered":"<p>Kryeministri Edi Rama b\u00ebn t\u00eb ditur p\u00ebrmes nj\u00eb postimi n\u00eb rrjetet sociale se q\u00eb nga 1 Maji nis nj\u00eb epok\u00eb e re n\u00eb vendin ton\u00eb, sh\u00ebrbimet pa sportel. Rama shprehet se tashme vendy yn\u00eb ka hyr\u00eb n\u00eb epok\u00ebn e dixhitalizimit dhe i ofron sh\u00ebrbimet p\u00ebrmes platform\u00ebs komb\u00ebtare digjitale. Postimi i plot\u00eb: N\u00eb 1 MAJ nis [&hellip;]<\/p>\n","protected":false},"author":2030,"featured_media":254304,"comment_status":"closed","ping_status":"closed","sticky":false,"template":"","format":"standard","meta":{"footnotes":""},"categories":[241,3366,5380,231,1454],"tags":[],"class_list":{"0":"post-254303","1":"post","2":"type-post","3":"status-publish","4":"format-standard","5":"has-post-thumbnail","7":"category-aktualitet","8":"category-koment","9":"category-kryesore","10":"category-lajme","11":"category-politike"},"_links":{"self":[{"href":"https:\/\/zjarr.tv\/en\/wp-json\/wp\/v2\/posts\/254303","targetHints":{"allow":["GET"]}}],"collection":[{"href":"https:\/\/zjarr.tv\/en\/wp-json\/wp\/v2\/posts"}],"about":[{"href":"https:\/\/zjarr.tv\/en\/wp-json\/wp\/v2\/types\/post"}],"author":[{"embeddable":true,"href":"https:\/\/zjarr.tv\/en\/wp-json\/wp\/v2\/users\/2030"}],"replies":[{"embeddable":true,"href":"https:\/\/zjarr.tv\/en\/wp-json\/wp\/v2\/comments?post=254303"}],"version-history":[{"count":0,"href":"https:\/\/zjarr.tv\/en\/wp-json\/wp\/v2\/posts\/254303\/revisions"}],"wp:featuredmedia":[{"embeddable":true,"href":"https:\/\/zjarr.tv\/en\/wp-json\/wp\/v2\/media\/254304"}],"wp:attachment":[{"href":"https:\/\/zjarr.tv\/en\/wp-json\/wp\/v2\/media?parent=254303"}],"wp:term":[{"taxonomy":"category","embeddable":true,"href":"https:\/\/zjarr.tv\/en\/wp-json\/wp\/v2\/categories?post=254303"},{"taxonomy":"post_tag","embeddable":true,"href":"https:\/\/zjarr.tv\/en\/wp-json\/wp\/v2\/tags?post=254303"}],"curies":[{"name":"wp","href":"https:\/\/api.w.org\/{rel}","templated":true}]}}