{"id":254800,"date":"2022-04-29T14:37:11","date_gmt":"2022-04-29T12:37:11","guid":{"rendered":"https:\/\/zjarr.tv\/?p=254800"},"modified":"2022-04-29T14:37:11","modified_gmt":"2022-04-29T12:37:11","slug":"vizita-e-zyrtares-se-larte-te-dash-nje-dite-para-kuvendit-te-berishes-koincidence-zheji-dhe-gjekmarkaj-zbardhin-prapaskenat","status":"publish","type":"post","link":"https:\/\/zjarr.tv\/en\/vizita-e-zyrtares-se-larte-te-dash-nje-dite-para-kuvendit-te-berishes-koincidence-zheji-dhe-gjekmarkaj-zbardhin-prapaskenat\/","title":{"rendered":"Vizita e zyrtares s\u00eb lart\u00eb t\u00eb DASH nj\u00eb dit\u00eb para Kuvendit t\u00eb Berish\u00ebs, koincidenc\u00eb? Zheji dhe Gjekmarkaj zbardhin prapaskenat"},"content":{"rendered":"<p>Vizita e zyrtares s\u00eb lart\u00eb amerikane, Karen Donfried, Ndihm\u00ebs Sekretarja e \u00c7\u00ebshtjeve Evropiane dhe Euroaziatike, Karen Donfried, n\u00eb vendin ton\u00eb nuk shihet si rast\u00ebsi nga analisti Artur Zheji dhe deputeti i PD, Agron Gjekmarkaj. Kjo vizit\u00eb vjen nj\u00eb dit\u00eb para Kuvendit t\u00eb PD-s\u00eb t\u00eb thirrur nga Sali Berisha.<\/p>\n<p>Duke folur n\u00eb emisionin \u201cPikat mbi I\u201d n\u00eb News 24, Zheji u shpreh se gjat\u00eb dit\u00ebve t\u00eb fundit ka pasur shum\u00eb zhvillime n\u00eb Tiran\u00eb, ku nd\u00ebr t\u00eb tjera jan\u00eb edhe nj\u00eb peticion online kund\u00ebr ambasadores amerikane Yuri Kim, apo faktin q\u00eb zyrtarja amerikane u takua edhe me Enkelejd Alibeajn, kreun e grupit parlamentar t\u00eb PD-s\u00eb, i pozicionuar kund\u00ebr ish kryeministrit Berisha.<\/p>\n<p>\u201c\u00cbsht\u00eb nj\u00eb tur i k\u00ebtij ekipi amerikan t\u00eb nivelit t\u00eb lart\u00eb p\u00ebr arsye se SHBA dhe BE jan\u00eb n\u00eb nj\u00eb konfrontim t\u00eb armatosur p\u00ebr t\u00eb mbrojtur t\u00eb drejtat demokratike n\u00eb Ukrain\u00eb. Kemi nj\u00eb deklarat\u00eb t\u00eb djeshme t\u00eb Biden q\u00eb sanksionoi 33 miliard\u00eb dollar\u00eb t\u00eb tjera, ndihma ushtarake p\u00ebr Ukrain\u00ebn. Nga ana tjet\u00ebr Putin pardje b\u00ebri nj\u00eb paralajm\u00ebrim shum\u00eb t\u00eb qart\u00eb q\u00eb n\u00ebse do ket\u00eb nj\u00eb p\u00ebrshkall\u00ebzim t\u00eb t\u00eb huajve n\u00eb Ukrain\u00eb, do marrin nj\u00eb p\u00ebrgjigje nga disa arm\u00eb q\u00eb jan\u00eb shkat\u00ebrrimtare. Ne jemi pjes\u00eb e NATO-s. Ne duhet t\u00eb jemi shum\u00eb t\u00eb gatsh\u00ebm p\u00ebr t\u00eb b\u00ebr\u00eb detyrat tona n\u00eb nevojat gjeopolitike. Kjo \u00ebsht\u00eb pjesa e par\u00eb e p\u00ebrgjigjes p\u00ebr pyetjen \u201cpse Amerikan\u00ebt\u201d. Nuk e di n\u00ebse \u00ebsht\u00eb koicidenc\u00eb q\u00eb vizita vjen nj\u00eb dit\u00eb para Kuvendit q\u00eb \u00ebsht\u00eb thirrur. Por \u00ebsht\u00eb edhe peticioni online, apo pritja me Alibeajn dhe Tabakun. Nuk jan\u00eb m\u00eb koicidenca dometh\u00ebn\u00eb\u201d, tha Zheji.<\/p>\n<p>Nd\u00ebrsa Agron Gjekmarkaj u shpreh se \u201cN\u00eb politik\u00ebn makro shtetet e m\u00ebdha nuk kan\u00eb koiciendenc\u00eb. T\u00eb jen\u00eb n\u00eb Tiran\u00eb nj\u00eb dit\u00eb para Kuvendit nuk \u00ebsht\u00eb rast\u00ebsi. Ata po mbrojn\u00eb vendimet e tyre dhe po mb\u00ebshtesin ata njer\u00ebz q\u00eb jan\u00eb rreshtuar n\u00eb k\u00ebt\u00eb krah n\u00eb Tiran\u00eb\u201d.<\/p>","protected":false},"excerpt":{"rendered":"<p>Vizita e zyrtares s\u00eb lart\u00eb amerikane, Karen Donfried, Ndihm\u00ebs Sekretarja e \u00c7\u00ebshtjeve Evropiane dhe Euroaziatike, Karen Donfried, n\u00eb vendin ton\u00eb nuk shihet si rast\u00ebsi nga analisti Artur Zheji dhe deputeti i PD, Agron Gjekmarkaj. Kjo vizit\u00eb vjen nj\u00eb dit\u00eb para Kuvendit t\u00eb PD-s\u00eb t\u00eb thirrur nga Sali Berisha. Duke folur n\u00eb emisionin \u201cPikat mbi I\u201d [&hellip;]<\/p>\n","protected":false},"author":2030,"featured_media":254801,"comment_status":"closed","ping_status":"closed","sticky":false,"template":"","format":"standard","meta":{"footnotes":""},"categories":[241,3366,5380,231,1454],"tags":[],"class_list":{"0":"post-254800","1":"post","2":"type-post","3":"status-publish","4":"format-standard","5":"has-post-thumbnail","7":"category-aktualitet","8":"category-koment","9":"category-kryesore","10":"category-lajme","11":"category-politike"},"_links":{"self":[{"href":"https:\/\/zjarr.tv\/en\/wp-json\/wp\/v2\/posts\/254800","targetHints":{"allow":["GET"]}}],"collection":[{"href":"https:\/\/zjarr.tv\/en\/wp-json\/wp\/v2\/posts"}],"about":[{"href":"https:\/\/zjarr.tv\/en\/wp-json\/wp\/v2\/types\/post"}],"author":[{"embeddable":true,"href":"https:\/\/zjarr.tv\/en\/wp-json\/wp\/v2\/users\/2030"}],"replies":[{"embeddable":true,"href":"https:\/\/zjarr.tv\/en\/wp-json\/wp\/v2\/comments?post=254800"}],"version-history":[{"count":0,"href":"https:\/\/zjarr.tv\/en\/wp-json\/wp\/v2\/posts\/254800\/revisions"}],"wp:featuredmedia":[{"embeddable":true,"href":"https:\/\/zjarr.tv\/en\/wp-json\/wp\/v2\/media\/254801"}],"wp:attachment":[{"href":"https:\/\/zjarr.tv\/en\/wp-json\/wp\/v2\/media?parent=254800"}],"wp:term":[{"taxonomy":"category","embeddable":true,"href":"https:\/\/zjarr.tv\/en\/wp-json\/wp\/v2\/categories?post=254800"},{"taxonomy":"post_tag","embeddable":true,"href":"https:\/\/zjarr.tv\/en\/wp-json\/wp\/v2\/tags?post=254800"}],"curies":[{"name":"wp","href":"https:\/\/api.w.org\/{rel}","templated":true}]}}