{"id":255269,"date":"2022-05-01T15:28:11","date_gmt":"2022-05-01T13:28:11","guid":{"rendered":"https:\/\/zjarr.tv\/?p=255269"},"modified":"2022-05-01T15:28:11","modified_gmt":"2022-05-01T13:28:11","slug":"publikohet-lista-e-plote-keta-jane-150-anetaret-e-rinj-te-keshillit-kombetar-te-pd-se-emrat","status":"publish","type":"post","link":"https:\/\/zjarr.tv\/en\/publikohet-lista-e-plote-keta-jane-150-anetaret-e-rinj-te-keshillit-kombetar-te-pd-se-emrat\/","title":{"rendered":"Publikohet LISTA E PLOT\u00cb: K\u00ebta jan\u00eb 150 an\u00ebtar\u00ebt e rinj t\u00eb K\u00ebshillit Komb\u00ebtar t\u00eb PD-s\u00eb (EMRAT)"},"content":{"rendered":"<p>Komisioni Qendror i Num\u00ebrimit t\u00eb Partis\u00eb Demokratike t\u00eb Rithemeluar ka publikuar emrat e rinj q\u00eb do t\u00eb jen\u00eb pjes\u00eb e K\u00ebshillit Komb\u00ebtar.<\/p>\n<p>Nga 425 garues, jan\u00eb votuar 150 emra, nd\u00ebrsa ajo q\u00eb bie n\u00eb sy \u00ebsht\u00eb rikthimi i Rudina Hajdarit dhe an\u00ebtar\u00ebsimi i djalit t\u00eb deputetit t\u00eb ndjer\u00eb Sokol Olldashi, Glauk Olldashi. Pjes\u00eb e an\u00ebtar\u00ebve t\u00eb rinj \u00ebsht\u00eb dhe Myslim Murrizi.<\/p>\n<p>Lista e plot\u00eb:<\/p>\n<p>Adriana Gjonaj<\/p>\n<p>Adriana Kalaja<\/p>\n<p>Agron Kuli\u00e7aj<\/p>\n<p>Aida Shehu<\/p>\n<p>Akil Kraja<\/p>\n<p>Albina Deda<\/p>\n<p>Aldo Bumcci<\/p>\n<p>Aleksand\u00ebr Biberaj<\/p>\n<p>Alta Hazizi Haluca<\/p>\n<p>Andi Dollapi<\/p>\n<p>Andi Mustafai<\/p>\n<p>Andon Frrokaj<\/p>\n<p>Anisa Dervishaj<\/p>\n<p>Anisa Kadesha<\/p>\n<p>Ankelida \u00c7ela<\/p>\n<p>Anxhela Malko<\/p>\n<p>Apollon Ba\u00e7e<\/p>\n<p>Arben Beqiri<\/p>\n<p>Arben Ibro<\/p>\n<p>Arben Imami<\/p>\n<p>Arben Miza<\/p>\n<p>Arben Ristani<\/p>\n<p>Arbjola Halimi<\/p>\n<p>Ardjan Muka<\/p>\n<p>Ardian Turku<\/p>\n<p>Arjan Dedej<\/p>\n<p>Armend Musai<\/p>\n<p>Arnold Kariqi<\/p>\n<p>Arvid Bushati<\/p>\n<p>Aulon Kalaja<\/p>\n<p>Aurel Bylykbashi<\/p>\n<p>Avenir Peka<\/p>\n<p>Barbara Doda<\/p>\n<p>Bedri Hoxha<\/p>\n<p>Besart Xhaferri<\/p>\n<p>Besnik Aliaj<\/p>\n<p>Bislim Ahmetaj<\/p>\n<p>Bledi Kasmi<\/p>\n<p>Bujar Kapexhiu<\/p>\n<p>Bujar Vukaj<\/p>\n<p>\u00c7lirim Gjata<\/p>\n<p>Dafina Muda<\/p>\n<p>Dasho Aliko<\/p>\n<p>Dava Marku<\/p>\n<p>Denion Sh\u00ebngjergji<\/p>\n<p>Dorel Memo\u00e7i<\/p>\n<p>Dorian Teliti<\/p>\n<p>Dritan Burgie<\/p>\n<p>Edit Harxhi<\/p>\n<p>Elena Qirici<\/p>\n<p>Elgi Hyka<\/p>\n<p>Eliona Gremi<\/p>\n<p>Elior Vila<\/p>\n<p>Elisabeta Skrapari<\/p>\n<p>Elton Bano<\/p>\n<p>Elvis Malasi<\/p>\n<p>Edlira Bushati<\/p>\n<p>Enkelejda Sallaku<\/p>\n<p>Eno Bozdo<\/p>\n<p>Enca Basha<\/p>\n<p>Ervin Minarolli<\/p>\n<p>Esmeralda Metko<\/p>\n<p>Etion Kapedani<\/p>\n<p>Fatbardh Kadilli<\/p>\n<p>Fatbardha Kadiu<\/p>\n<p>Fation Bathorja<\/p>\n<p>Feride Rrahmanaj<\/p>\n<p>Fjoralba Dizdari<\/p>\n<p>Fiqiri Ismaili<\/p>\n<p>Floriana Garo<\/p>\n<p>Florin Kurmekaj<\/p>\n<p>Florion Mima<\/p>\n<p>Gazmend Dibra<\/p>\n<p>Gazmir Spahia<\/p>\n<p>Genc Deromemaj<\/p>\n<p>Genc Pollo<\/p>\n<p>Gent Strazimiri<\/p>\n<p>Gentian Mishova<\/p>\n<p>Gjergj Mero<\/p>\n<p>Gjov Vuksani<\/p>\n<p>Glauk Olldashi<\/p>\n<p>Grigels Mu\u00e7ollari<\/p>\n<p>Ibrahim Morina<\/p>\n<p>Ilir Alimehmeti<\/p>\n<p>Iliriana Ku\u00e7ana<\/p>\n<p>Imanuel \u00c7aushaj<\/p>\n<p>Imelda Kraja<\/p>\n<p>Indrit Hoxha<\/p>\n<p>Irena Shestani<\/p>\n<p>Ivi Kaso<\/p>\n<p>Jamarb\u00ebr Malltezi<\/p>\n<p>Jola Hysaj<\/p>\n<p>Julian Deda<\/p>\n<p>Kejtis Kruja<\/p>\n<p>Klara Bici<\/p>\n<p>Klaus Shaqiri<\/p>\n<p>Klevis Balliu<\/p>\n<p>Klodian Lata<\/p>\n<p>Klodian Mu\u00e7o<\/p>\n<p>Klodiana \u00c7apja<\/p>\n<p>Laura Vorpsi<\/p>\n<p>DLediana Fratari<\/p>\n<p>Ledina Alolli<\/p>\n<p>Ledina Mandia<\/p>\n<p>Ledio Nuraj<\/p>\n<p>Lisand\u00ebr Hoxha<\/p>\n<p>Lorenc Luka<\/p>\n<p>Lorin Hoxha<\/p>\n<p>Mal Berisha<\/p>\n<p>Malbor Duka<\/p>\n<p>Mariglen Do\u00e7i<\/p>\n<p>Mariana Brunga<\/p>\n<p>Matilda Qyrku<\/p>\n<p>Megi Balliu<\/p>\n<p>Mariglen Kurtballaj<\/p>\n<p>Mimoza Hadarmataj<\/p>\n<p>Mimoza Rexhvelaj<\/p>\n<p>Minushe Lazaj<\/p>\n<p>Mirela Tabaku<\/p>\n<p>Myqerem Tafaj<\/p>\n<p>Myslimi Murrizi<\/p>\n<p>Nadire Me\u00e7orapaj<\/p>\n<p>Nazlie Lacci<\/p>\n<p>Nikolin \u00c7ALI<\/p>\n<p>Osman Mula<\/p>\n<p>Osman Stafa<\/p>\n<p>Parid Teferi\u00e7i<\/p>\n<p>Prel Gjoni<\/p>\n<p>Qemal \u00c7ejku<\/p>\n<p>Qemal Hoxha<\/p>\n<p>Rajmonda Bulku<\/p>\n<p>Renis Gjoka<\/p>\n<p>Robert Budina<\/p>\n<p>Roland Keta<\/p>\n<p>Rubens Shima<\/p>\n<p>Rudina Hajdari<\/p>\n<p>Sajmir Mulgeci<\/p>\n<p>Sara Bodo<\/p>\n<p>Sevalgon Berisha<\/p>\n<p>Shaqir Manjani<\/p>\n<p>Sherefedin Shehu<\/p>\n<p>Shk\u00eblqim Hoxha<\/p>\n<p>Spiro Vaso<\/p>\n<p>Suzana Guxholli<\/p>\n<p>Valdete Vorbsi<\/p>\n<p>Voltana Ademi<\/p>\n<p>Xheraldo Dashi<\/p>\n<p>Xhulian Gu\u00e7e<\/p>\n<p>Ylli Asllani<\/p>\n<p>Zyrafete Kulla<\/p>","protected":false},"excerpt":{"rendered":"<p>Komisioni Qendror i Num\u00ebrimit t\u00eb Partis\u00eb Demokratike t\u00eb Rithemeluar ka publikuar emrat e rinj q\u00eb do t\u00eb jen\u00eb pjes\u00eb e K\u00ebshillit Komb\u00ebtar. Nga 425 garues, jan\u00eb votuar 150 emra, nd\u00ebrsa ajo q\u00eb bie n\u00eb sy \u00ebsht\u00eb rikthimi i Rudina Hajdarit dhe an\u00ebtar\u00ebsimi i djalit t\u00eb deputetit t\u00eb ndjer\u00eb Sokol Olldashi, Glauk Olldashi. Pjes\u00eb e an\u00ebtar\u00ebve [&hellip;]<\/p>\n","protected":false},"author":2030,"featured_media":255029,"comment_status":"closed","ping_status":"closed","sticky":false,"template":"","format":"standard","meta":{"footnotes":""},"categories":[241,5380,231,1454],"tags":[],"class_list":{"0":"post-255269","1":"post","2":"type-post","3":"status-publish","4":"format-standard","5":"has-post-thumbnail","7":"category-aktualitet","8":"category-kryesore","9":"category-lajme","10":"category-politike"},"_links":{"self":[{"href":"https:\/\/zjarr.tv\/en\/wp-json\/wp\/v2\/posts\/255269","targetHints":{"allow":["GET"]}}],"collection":[{"href":"https:\/\/zjarr.tv\/en\/wp-json\/wp\/v2\/posts"}],"about":[{"href":"https:\/\/zjarr.tv\/en\/wp-json\/wp\/v2\/types\/post"}],"author":[{"embeddable":true,"href":"https:\/\/zjarr.tv\/en\/wp-json\/wp\/v2\/users\/2030"}],"replies":[{"embeddable":true,"href":"https:\/\/zjarr.tv\/en\/wp-json\/wp\/v2\/comments?post=255269"}],"version-history":[{"count":0,"href":"https:\/\/zjarr.tv\/en\/wp-json\/wp\/v2\/posts\/255269\/revisions"}],"wp:featuredmedia":[{"embeddable":true,"href":"https:\/\/zjarr.tv\/en\/wp-json\/wp\/v2\/media\/255029"}],"wp:attachment":[{"href":"https:\/\/zjarr.tv\/en\/wp-json\/wp\/v2\/media?parent=255269"}],"wp:term":[{"taxonomy":"category","embeddable":true,"href":"https:\/\/zjarr.tv\/en\/wp-json\/wp\/v2\/categories?post=255269"},{"taxonomy":"post_tag","embeddable":true,"href":"https:\/\/zjarr.tv\/en\/wp-json\/wp\/v2\/tags?post=255269"}],"curies":[{"name":"wp","href":"https:\/\/api.w.org\/{rel}","templated":true}]}}