{"id":255271,"date":"2022-05-01T15:55:26","date_gmt":"2022-05-01T13:55:26","guid":{"rendered":"https:\/\/zjarr.tv\/?p=255271"},"modified":"2022-05-01T15:55:26","modified_gmt":"2022-05-01T13:55:26","slug":"u-dergua-jashte-shtetit-per-tu-kuruar-evi-kokalari-tregon-cfare-ka-ndodhur-me-bujar-nishanin-dhe-ka-nje-mesazh-per-te","status":"publish","type":"post","link":"https:\/\/zjarr.tv\/en\/u-dergua-jashte-shtetit-per-tu-kuruar-evi-kokalari-tregon-cfare-ka-ndodhur-me-bujar-nishanin-dhe-ka-nje-mesazh-per-te\/","title":{"rendered":"U d\u00ebrgua jasht\u00eb shtetit p\u00ebr t&#8217;u kuruar, Evi Kokalari tregon \u00e7far\u00eb ka ndodhur me Bujar Nishanin dhe ka nj\u00eb mesazh p\u00ebr t\u00eb"},"content":{"rendered":"<p>Nj\u00eb dit\u00eb pas Kuvendit t\u00eb Partis\u00eb Demokratike, an\u00ebtarja e Komisionit t\u00eb Rithemelimit, thot\u00eb se ish-presidenti Bujar Nishani ndodhet ende n\u00eb spital duke luftuar me \u201cvirusin kinez\u201d.<\/p>\n<p>Ajo i lutet Zotit p\u00ebr sh\u00ebrimin e shpejt\u00eb t\u00eb Nishanit, p\u00ebr t\u00eb cilin thot\u00eb se nuk e braktisi kurr\u00eb PD-n\u00eb, por luftoi ashp\u00ebr kund\u00ebr Lulzim Bash\u00ebs.<\/p>\n<p>Ish-presidenti Bujar Nishani u d\u00ebrgua p\u00ebr kurim n\u00eb Gjermani, kur gjendja e tij sh\u00ebndet\u00ebsore u p\u00ebrkeq\u00ebsua pasi u prek nga pneumonia bilaterale post-covid.<\/p>\n<p>Shkrimi i Kokalarit:<\/p>\n<p>Sot, nj\u00eb dit\u00eb mbas Kuvendit t\u00eb PD-s\u00eb dhe krijimit t\u00eb K\u00ebshillit t\u00eb ri, t\u00eb mos harrojm\u00eb q\u00eb President Bujar Nishani \u00ebsht\u00eb akoma n\u00eb spital duke luftuar me virusin Kinez.<\/p>\n<p>Lutje Zotit p\u00ebr sh\u00ebrim t\u00eb shpejt\u00eb p\u00ebr k\u00ebt\u00eb politikan q\u00eb ka q\u00ebn\u00eb n\u00eb krah\u00eb t\u00eb z. Berisha q\u00eb dit\u00ebn e par\u00eb, dhe q\u00eb s\u2019iu largua kurr\u00eb PD-s\u00eb, dhe kur PD-ja ju largua atij, por b\u00ebri luft\u00eb t\u00eb ashp\u00ebr kund\u00ebr Lul Bash\u00ebs pa nd\u00ebrprerje.<\/p>\n<p>Sh\u00ebrim t\u00eb shpejt\u00eb z. Nishani.<\/p>","protected":false},"excerpt":{"rendered":"<p>Nj\u00eb dit\u00eb pas Kuvendit t\u00eb Partis\u00eb Demokratike, an\u00ebtarja e Komisionit t\u00eb Rithemelimit, thot\u00eb se ish-presidenti Bujar Nishani ndodhet ende n\u00eb spital duke luftuar me \u201cvirusin kinez\u201d. Ajo i lutet Zotit p\u00ebr sh\u00ebrimin e shpejt\u00eb t\u00eb Nishanit, p\u00ebr t\u00eb cilin thot\u00eb se nuk e braktisi kurr\u00eb PD-n\u00eb, por luftoi ashp\u00ebr kund\u00ebr Lulzim Bash\u00ebs. Ish-presidenti Bujar Nishani [&hellip;]<\/p>\n","protected":false},"author":2030,"featured_media":255272,"comment_status":"closed","ping_status":"closed","sticky":false,"template":"","format":"standard","meta":{"footnotes":""},"categories":[241,3366,5380,231,1454],"tags":[],"class_list":{"0":"post-255271","1":"post","2":"type-post","3":"status-publish","4":"format-standard","5":"has-post-thumbnail","7":"category-aktualitet","8":"category-koment","9":"category-kryesore","10":"category-lajme","11":"category-politike"},"_links":{"self":[{"href":"https:\/\/zjarr.tv\/en\/wp-json\/wp\/v2\/posts\/255271","targetHints":{"allow":["GET"]}}],"collection":[{"href":"https:\/\/zjarr.tv\/en\/wp-json\/wp\/v2\/posts"}],"about":[{"href":"https:\/\/zjarr.tv\/en\/wp-json\/wp\/v2\/types\/post"}],"author":[{"embeddable":true,"href":"https:\/\/zjarr.tv\/en\/wp-json\/wp\/v2\/users\/2030"}],"replies":[{"embeddable":true,"href":"https:\/\/zjarr.tv\/en\/wp-json\/wp\/v2\/comments?post=255271"}],"version-history":[{"count":0,"href":"https:\/\/zjarr.tv\/en\/wp-json\/wp\/v2\/posts\/255271\/revisions"}],"wp:featuredmedia":[{"embeddable":true,"href":"https:\/\/zjarr.tv\/en\/wp-json\/wp\/v2\/media\/255272"}],"wp:attachment":[{"href":"https:\/\/zjarr.tv\/en\/wp-json\/wp\/v2\/media?parent=255271"}],"wp:term":[{"taxonomy":"category","embeddable":true,"href":"https:\/\/zjarr.tv\/en\/wp-json\/wp\/v2\/categories?post=255271"},{"taxonomy":"post_tag","embeddable":true,"href":"https:\/\/zjarr.tv\/en\/wp-json\/wp\/v2\/tags?post=255271"}],"curies":[{"name":"wp","href":"https:\/\/api.w.org\/{rel}","templated":true}]}}