{"id":255274,"date":"2022-05-01T16:15:06","date_gmt":"2022-05-01T14:15:06","guid":{"rendered":"https:\/\/zjarr.tv\/?p=255274"},"modified":"2022-05-01T16:15:06","modified_gmt":"2022-05-01T14:15:06","slug":"rama-eshte-si-zeusi-ministrja-edona-bilali-komenton-deklaraten-e-saj-qe-theu-rrjetin-te-bardhes-nuk-mund-ti-thuhet-e-zeze","status":"publish","type":"post","link":"https:\/\/zjarr.tv\/en\/rama-eshte-si-zeusi-ministrja-edona-bilali-komenton-deklaraten-e-saj-qe-theu-rrjetin-te-bardhes-nuk-mund-ti-thuhet-e-zeze\/","title":{"rendered":"\u201cRama \u00ebsht\u00eb si Zeusi\u201d\/ Ministrja Edona Bilali komenton deklarat\u00ebn e saj q\u00eb \u2018theu\u2019 rrjetin: T\u00eb bardh\u00ebs nuk mund t\u2019i thuhet e zez\u00eb!"},"content":{"rendered":"<p>Deklarata e ministres se Shtetit p\u00ebr Mbrojtjen e Sip\u00ebrmarrjes, Edona Bilali, se edhe opozita \u00ebsht\u00eb duke dh\u00ebn\u00eb kontributin e saj q\u00eb Rama t\u00eb kthehet n\u00eb nj\u00eb Zeus, dhe q\u00eb Shqip\u00ebria t\u00eb kthehet n\u00eb nj\u00eb monarki t\u00eb mundshme, \u00ebsht\u00eb b\u00ebr\u00eb virale n\u00eb rrjet duke krijuar debate t\u00eb shumta dhe reagime nga masa e gjer\u00eb.<\/p>\n<p>M\u00ebsohet se deklarata \u00ebsht\u00eb b\u00ebr\u00eb para tre vitesh gjat\u00eb nj\u00eb emisioni televiziv.<\/p>\n<p>P\u00ebr k\u00ebt\u00eb deklarat\u00eb, ministrja Bilali ka folur p\u00ebr emisionin \u201cFitStation\u201d.<\/p>\n<p>\u201cMendoj se ka ardhur momenti t\u00eb mbaj dhe q\u00ebndrim, dhe kam mbajtur p\u00ebr nj\u00eb nga rastet si \u2018Zeusi i famsh\u00ebm\u2019 dhe akoma nuk e kam \u00e7uar deri n\u00eb fund. T\u00eb bardh\u00ebs nuk mund t\u2019i thuhet e zez\u00eb, pavar\u00ebsisht se del dikush dhe e thot\u00eb, m\u00eb pas b\u00ebhen 5 njer\u00ebz e m\u00eb pas 50. Po ta marr\u00ebsh ta d\u00ebgjosh videon e cila sigurisht \u00ebsht\u00eb shk\u00ebputur nga konteksti, por dhe n\u00ebse e merr e d\u00ebgjon t\u00eb gjith\u00eb kuptohet qart\u00eb \u00e7far\u00eb kam dashur t\u00eb them. E ka sqaruar kryeministri 2 her\u00eb, e kam sqaruar un\u00eb 2 her\u00eb, por sigurisht p\u00ebr avantazhe politike njer\u00ebzve ju intereson ta p\u00ebrdorin\u201d, u shpreh ministrja Bilali.<\/p>\n<p>&nbsp;<\/p>","protected":false},"excerpt":{"rendered":"<p>Deklarata e ministres se Shtetit p\u00ebr Mbrojtjen e Sip\u00ebrmarrjes, Edona Bilali, se edhe opozita \u00ebsht\u00eb duke dh\u00ebn\u00eb kontributin e saj q\u00eb Rama t\u00eb kthehet n\u00eb nj\u00eb Zeus, dhe q\u00eb Shqip\u00ebria t\u00eb kthehet n\u00eb nj\u00eb monarki t\u00eb mundshme, \u00ebsht\u00eb b\u00ebr\u00eb virale n\u00eb rrjet duke krijuar debate t\u00eb shumta dhe reagime nga masa e gjer\u00eb. M\u00ebsohet se [&hellip;]<\/p>\n","protected":false},"author":2030,"featured_media":255275,"comment_status":"closed","ping_status":"closed","sticky":false,"template":"","format":"standard","meta":{"footnotes":""},"categories":[241,3366,5380,231,1454],"tags":[],"class_list":{"0":"post-255274","1":"post","2":"type-post","3":"status-publish","4":"format-standard","5":"has-post-thumbnail","7":"category-aktualitet","8":"category-koment","9":"category-kryesore","10":"category-lajme","11":"category-politike"},"_links":{"self":[{"href":"https:\/\/zjarr.tv\/en\/wp-json\/wp\/v2\/posts\/255274","targetHints":{"allow":["GET"]}}],"collection":[{"href":"https:\/\/zjarr.tv\/en\/wp-json\/wp\/v2\/posts"}],"about":[{"href":"https:\/\/zjarr.tv\/en\/wp-json\/wp\/v2\/types\/post"}],"author":[{"embeddable":true,"href":"https:\/\/zjarr.tv\/en\/wp-json\/wp\/v2\/users\/2030"}],"replies":[{"embeddable":true,"href":"https:\/\/zjarr.tv\/en\/wp-json\/wp\/v2\/comments?post=255274"}],"version-history":[{"count":0,"href":"https:\/\/zjarr.tv\/en\/wp-json\/wp\/v2\/posts\/255274\/revisions"}],"wp:featuredmedia":[{"embeddable":true,"href":"https:\/\/zjarr.tv\/en\/wp-json\/wp\/v2\/media\/255275"}],"wp:attachment":[{"href":"https:\/\/zjarr.tv\/en\/wp-json\/wp\/v2\/media?parent=255274"}],"wp:term":[{"taxonomy":"category","embeddable":true,"href":"https:\/\/zjarr.tv\/en\/wp-json\/wp\/v2\/categories?post=255274"},{"taxonomy":"post_tag","embeddable":true,"href":"https:\/\/zjarr.tv\/en\/wp-json\/wp\/v2\/tags?post=255274"}],"curies":[{"name":"wp","href":"https:\/\/api.w.org\/{rel}","templated":true}]}}