{"id":255397,"date":"2022-05-02T15:00:57","date_gmt":"2022-05-02T13:00:57","guid":{"rendered":"https:\/\/zjarr.tv\/?p=255397"},"modified":"2022-05-02T15:00:57","modified_gmt":"2022-05-02T13:00:57","slug":"kryemadhi-viziton-komunitetin-mysliman-dhe-uron-besimtaret-per-fiter-bajramin-mbaresi-shqiptareve-kudo-qe-ndodhen","status":"publish","type":"post","link":"https:\/\/zjarr.tv\/en\/kryemadhi-viziton-komunitetin-mysliman-dhe-uron-besimtaret-per-fiter-bajramin-mbaresi-shqiptareve-kudo-qe-ndodhen\/","title":{"rendered":"Kryemadhi viziton Komunitetin Mysliman dhe uron besimtar\u00ebt p\u00ebr Fit\u00ebr Bajramin: Mbar\u00ebsi shqiptar\u00ebve kudo q\u00eb ndodhen"},"content":{"rendered":"<p>Kryetarja e LSI, Monika Kryemadhi ka vizituar dit\u00ebn e sotme Komunitetin Mysliman t\u00eb Shqip\u00ebris\u00eb, me rastin e fest\u00ebs s\u00eb Fit\u00ebr Bajramit. <\/p>\n<p>Ajo uroi t\u00eb gjith\u00eb shqiptar\u00ebt p\u00ebr fat dhe mbar\u00ebsi. <\/p>\n<p>\u201cSepse besimi n\u00eb Zot \u00ebsht\u00eb ai q\u00eb fuqizon \u00e7do dit\u00eb dhe m\u00eb shum\u00eb dhe at\u00eb q\u00eb \u00ebsht\u00eb institucioni m\u00eb i r\u00ebnd\u00ebsish\u00ebm, institucioni i familjes. Un\u00eb ju uroj g\u00ebzuar, mbar\u00ebsi juve dhe gjith\u00eb shqiptar\u00ebve kudo q\u00eb ndodhen\u201d tha Kryemadhi.<\/p>","protected":false},"excerpt":{"rendered":"<p>Kryetarja e LSI, Monika Kryemadhi ka vizituar dit\u00ebn e sotme Komunitetin Mysliman t\u00eb Shqip\u00ebris\u00eb, me rastin e fest\u00ebs s\u00eb Fit\u00ebr Bajramit. Ajo uroi t\u00eb gjith\u00eb shqiptar\u00ebt p\u00ebr fat dhe mbar\u00ebsi. \u201cSepse besimi n\u00eb Zot \u00ebsht\u00eb ai q\u00eb fuqizon \u00e7do dit\u00eb dhe m\u00eb shum\u00eb dhe at\u00eb q\u00eb \u00ebsht\u00eb institucioni m\u00eb i r\u00ebnd\u00ebsish\u00ebm, institucioni i familjes. Un\u00eb [&hellip;]<\/p>\n","protected":false},"author":2031,"featured_media":165567,"comment_status":"closed","ping_status":"closed","sticky":false,"template":"","format":"standard","meta":{"footnotes":""},"categories":[241,231,235],"tags":[],"class_list":{"0":"post-255397","1":"post","2":"type-post","3":"status-publish","4":"format-standard","5":"has-post-thumbnail","7":"category-aktualitet","8":"category-lajme","9":"category-vendi"},"_links":{"self":[{"href":"https:\/\/zjarr.tv\/en\/wp-json\/wp\/v2\/posts\/255397","targetHints":{"allow":["GET"]}}],"collection":[{"href":"https:\/\/zjarr.tv\/en\/wp-json\/wp\/v2\/posts"}],"about":[{"href":"https:\/\/zjarr.tv\/en\/wp-json\/wp\/v2\/types\/post"}],"author":[{"embeddable":true,"href":"https:\/\/zjarr.tv\/en\/wp-json\/wp\/v2\/users\/2031"}],"replies":[{"embeddable":true,"href":"https:\/\/zjarr.tv\/en\/wp-json\/wp\/v2\/comments?post=255397"}],"version-history":[{"count":0,"href":"https:\/\/zjarr.tv\/en\/wp-json\/wp\/v2\/posts\/255397\/revisions"}],"wp:featuredmedia":[{"embeddable":true,"href":"https:\/\/zjarr.tv\/en\/wp-json\/wp\/v2\/media\/165567"}],"wp:attachment":[{"href":"https:\/\/zjarr.tv\/en\/wp-json\/wp\/v2\/media?parent=255397"}],"wp:term":[{"taxonomy":"category","embeddable":true,"href":"https:\/\/zjarr.tv\/en\/wp-json\/wp\/v2\/categories?post=255397"},{"taxonomy":"post_tag","embeddable":true,"href":"https:\/\/zjarr.tv\/en\/wp-json\/wp\/v2\/tags?post=255397"}],"curies":[{"name":"wp","href":"https:\/\/api.w.org\/{rel}","templated":true}]}}