{"id":255452,"date":"2022-05-03T07:07:15","date_gmt":"2022-05-03T05:07:15","guid":{"rendered":"https:\/\/zjarr.tv\/?p=255452"},"modified":"2022-05-03T07:07:15","modified_gmt":"2022-05-03T05:07:15","slug":"shkullaku-kuvendi-i-pd-nuk-arriti-qellimin-bashkimin-e-demokrateve","status":"publish","type":"post","link":"https:\/\/zjarr.tv\/en\/shkullaku-kuvendi-i-pd-nuk-arriti-qellimin-bashkimin-e-demokrateve\/","title":{"rendered":"Shkullaku: Kuvendi i PD nuk arriti q\u00ebllimin, bashkimin e demokrat\u00ebve"},"content":{"rendered":"<p>Kuvendi i Partis\u00eb Demokratike nuk e arriti objektivin kryesor, bashkimin e demokrat\u00ebve. K\u00ebshtu mendon analisti Armand Shkullaku.<\/p>\n<p>Ai thot\u00eb se brenda PD-s\u00eb tashm\u00eb \u00ebsht\u00eb e qart\u00eb se kush \u00ebsht\u00eb shumica, por humbja e madhe e Kuvendit ishte mosarritja e q\u00ebllimit, bashkimin e demokrat\u00ebve. Kjo u duk edhe nga mungesa e nj\u00eb numri t\u00eb madh deputet\u00ebsh demokrat\u00eb.<\/p>\n<p>Shkullaku: Kjo ishte mungesa m\u00eb e madhe, humbja m\u00eb e madhe, mungesa e deputet\u00ebve, pjes\u00ebs m\u00eb t\u00eb madhe, q\u00eb tregon mosarritjen e q\u00ebllimit, bashkimin. Humbi nj\u00eb objektiv, brenda PD nuk kemi dilem\u00eb se kush \u00ebsht\u00eb shumica, por n\u00eb raport me PD dhe kund\u00ebrshtar\u00ebt q\u00eb ka p\u00ebrball\u00eb ky objektiv nuk u arrit.<\/p>\n<p>Sejamini: E gjith\u00eb thirrja q\u00eb u b\u00eb p\u00ebr bashkim, ishte nj\u00eb thirrje p\u00ebr ta mbajtur PD aty ku ishte. Do t\u00eb doja q\u00eb PD t\u00eb mos merrej u bashkua, s\u2019u bashkua, por t\u00eb ecte p\u00ebrpara duke u moderizuar duke t\u00ebrhequr elektoratin gri. K\u00ebshtu si\u00e7 \u00ebsht\u00eb kjo parti, kjo ishte zgjidhja e problemit t\u00eb brendsh\u00ebm t\u00eb PD, megjith\u00ebse do vazhdoj\u00eb me gjykat\u00eb. Por ky Kongres e mbylli. Po t\u00eb shoh\u00ebsh K\u00ebshilli Komb\u00ebtar, jan\u00eb t\u00eb nj\u00ebjtat fytyra. PD ka mbetur n\u00eb vend. \/TPZ<\/p>","protected":false},"excerpt":{"rendered":"<p>Kuvendi i Partis\u00eb Demokratike nuk e arriti objektivin kryesor, bashkimin e demokrat\u00ebve. K\u00ebshtu mendon analisti Armand Shkullaku. Ai thot\u00eb se brenda PD-s\u00eb tashm\u00eb \u00ebsht\u00eb e qart\u00eb se kush \u00ebsht\u00eb shumica, por humbja e madhe e Kuvendit ishte mosarritja e q\u00ebllimit, bashkimin e demokrat\u00ebve. Kjo u duk edhe nga mungesa e nj\u00eb numri t\u00eb madh deputet\u00ebsh [&hellip;]<\/p>\n","protected":false},"author":2031,"featured_media":177205,"comment_status":"closed","ping_status":"closed","sticky":false,"template":"","format":"standard","meta":{"footnotes":""},"categories":[241,364,231,235],"tags":[],"class_list":{"0":"post-255452","1":"post","2":"type-post","3":"status-publish","4":"format-standard","5":"has-post-thumbnail","7":"category-aktualitet","8":"category-koment-opinion","9":"category-lajme","10":"category-vendi"},"_links":{"self":[{"href":"https:\/\/zjarr.tv\/en\/wp-json\/wp\/v2\/posts\/255452","targetHints":{"allow":["GET"]}}],"collection":[{"href":"https:\/\/zjarr.tv\/en\/wp-json\/wp\/v2\/posts"}],"about":[{"href":"https:\/\/zjarr.tv\/en\/wp-json\/wp\/v2\/types\/post"}],"author":[{"embeddable":true,"href":"https:\/\/zjarr.tv\/en\/wp-json\/wp\/v2\/users\/2031"}],"replies":[{"embeddable":true,"href":"https:\/\/zjarr.tv\/en\/wp-json\/wp\/v2\/comments?post=255452"}],"version-history":[{"count":0,"href":"https:\/\/zjarr.tv\/en\/wp-json\/wp\/v2\/posts\/255452\/revisions"}],"wp:featuredmedia":[{"embeddable":true,"href":"https:\/\/zjarr.tv\/en\/wp-json\/wp\/v2\/media\/177205"}],"wp:attachment":[{"href":"https:\/\/zjarr.tv\/en\/wp-json\/wp\/v2\/media?parent=255452"}],"wp:term":[{"taxonomy":"category","embeddable":true,"href":"https:\/\/zjarr.tv\/en\/wp-json\/wp\/v2\/categories?post=255452"},{"taxonomy":"post_tag","embeddable":true,"href":"https:\/\/zjarr.tv\/en\/wp-json\/wp\/v2\/tags?post=255452"}],"curies":[{"name":"wp","href":"https:\/\/api.w.org\/{rel}","templated":true}]}}