{"id":256772,"date":"2022-05-08T12:50:06","date_gmt":"2022-05-08T10:50:06","guid":{"rendered":"https:\/\/zjarr.tv\/?p=256772"},"modified":"2022-05-08T12:50:06","modified_gmt":"2022-05-08T10:50:06","slug":"dita-boterore-e-talasemise-presidenti-meta-apel-vetem-10-minuta-per-te-dhuruar-gjak-shpeton-jeten-e-nje-femije","status":"publish","type":"post","link":"https:\/\/zjarr.tv\/en\/dita-boterore-e-talasemise-presidenti-meta-apel-vetem-10-minuta-per-te-dhuruar-gjak-shpeton-jeten-e-nje-femije\/","title":{"rendered":"Dita Bot\u00ebrore e Talasemis\u00eb\/ Presidenti Meta apel: Vet\u00ebm 10 minuta p\u00ebr t\u00eb dhuruar gjak, shp\u00ebton jet\u00ebn e nj\u00eb f\u00ebmije!"},"content":{"rendered":"<p>N\u00eb dit\u00ebn bot\u00ebrore t\u00eb Talasemis\u00eb, presidenti i Republik\u00ebs Ilir Meta ka b\u00ebr\u00eb thirrje p\u00ebr solidarizim me kauz\u00ebn humane t\u00eb dhurimit t\u00eb gjakut.<\/p>\n<p>Meta shprehet se nuk duhet t\u00eb harrojm\u00eb se vet\u00ebm 10 minuta mjaftojn\u00eb p\u00ebr t\u00eb dhuruar gjak, p\u00ebr t\u00eb shp\u00ebtuar jet\u00ebn e nj\u00eb f\u00ebmije talasemik.<\/p>\n<p>Reagimi i plot\u00eb i presidentit Ilir Meta:<\/p>\n<p>\u201cDita Bot\u00ebrore e Talasemis\u00eb na kujton sot r\u00ebnd\u00ebsin\u00eb e solidarizimit me kauz\u00ebn humane dhe fisnike t\u00eb dhurimit t\u00eb gjakut. T\u00eb mos harrojm\u00eb se mjaftojn\u00eb vet\u00ebm 10 minuta p\u00ebr t\u00eb dhuruar gjak, p\u00ebr t\u00eb shp\u00ebtuar jet\u00ebn e nj\u00eb f\u00ebmije talasemik!<\/p>\n<p>Krenar dhe falenderues p\u00ebr rolin e jasht\u00ebzakonsh\u00ebm dhe sensibilizimin frym\u00ebzues, q\u00eb \u201cAleanca p\u00ebr Dhurimin e Gjakut\u201d ka luajtur n\u00eb k\u00ebto vite p\u00ebr garantimin e gjakut t\u00eb mjaftuesh\u00ebm dhe t\u00eb sigurt p\u00ebr nevojat jet\u00ebsore t\u00eb f\u00ebmij\u00ebve dhe \u00e7do pacienti me talasemi.<\/p>\n<p>Por \u00ebsht\u00eb p\u00ebrgjegj\u00ebsi e t\u00eb gjith\u00ebve, n\u00eb ve\u00e7anti e institucioneve p\u00ebrgjegj\u00ebse, p\u00ebr t\u00eb shum\u00ebfishuar p\u00ebrpjekjet p\u00ebr rr\u00ebzimin e barrierave burokratike dhe eleminimin e pabarazive sh\u00ebndet\u00ebsore, me q\u00ebllim garantimin e nj\u00eb jete normale dhe cil\u00ebsore, n\u00ebp\u00ebrmjet furnizimit t\u00eb sigurt me gjak dhe trajtimit spitalor dinjitoz t\u00eb pacient\u00ebve me talasemi. Mposhtni indiferenc\u00ebn q\u00eb vret! Dhuroni gjak, shp\u00ebtoni jet\u00eb!\u201d<\/p>","protected":false},"excerpt":{"rendered":"<p>N\u00eb dit\u00ebn bot\u00ebrore t\u00eb Talasemis\u00eb, presidenti i Republik\u00ebs Ilir Meta ka b\u00ebr\u00eb thirrje p\u00ebr solidarizim me kauz\u00ebn humane t\u00eb dhurimit t\u00eb gjakut. Meta shprehet se nuk duhet t\u00eb harrojm\u00eb se vet\u00ebm 10 minuta mjaftojn\u00eb p\u00ebr t\u00eb dhuruar gjak, p\u00ebr t\u00eb shp\u00ebtuar jet\u00ebn e nj\u00eb f\u00ebmije talasemik. Reagimi i plot\u00eb i presidentit Ilir Meta: \u201cDita Bot\u00ebrore [&hellip;]<\/p>\n","protected":false},"author":2020,"featured_media":256773,"comment_status":"closed","ping_status":"closed","sticky":false,"template":"","format":"standard","meta":{"footnotes":""},"categories":[241,5380,231],"tags":[],"class_list":{"0":"post-256772","1":"post","2":"type-post","3":"status-publish","4":"format-standard","5":"has-post-thumbnail","7":"category-aktualitet","8":"category-kryesore","9":"category-lajme"},"_links":{"self":[{"href":"https:\/\/zjarr.tv\/en\/wp-json\/wp\/v2\/posts\/256772","targetHints":{"allow":["GET"]}}],"collection":[{"href":"https:\/\/zjarr.tv\/en\/wp-json\/wp\/v2\/posts"}],"about":[{"href":"https:\/\/zjarr.tv\/en\/wp-json\/wp\/v2\/types\/post"}],"author":[{"embeddable":true,"href":"https:\/\/zjarr.tv\/en\/wp-json\/wp\/v2\/users\/2020"}],"replies":[{"embeddable":true,"href":"https:\/\/zjarr.tv\/en\/wp-json\/wp\/v2\/comments?post=256772"}],"version-history":[{"count":0,"href":"https:\/\/zjarr.tv\/en\/wp-json\/wp\/v2\/posts\/256772\/revisions"}],"wp:featuredmedia":[{"embeddable":true,"href":"https:\/\/zjarr.tv\/en\/wp-json\/wp\/v2\/media\/256773"}],"wp:attachment":[{"href":"https:\/\/zjarr.tv\/en\/wp-json\/wp\/v2\/media?parent=256772"}],"wp:term":[{"taxonomy":"category","embeddable":true,"href":"https:\/\/zjarr.tv\/en\/wp-json\/wp\/v2\/categories?post=256772"},{"taxonomy":"post_tag","embeddable":true,"href":"https:\/\/zjarr.tv\/en\/wp-json\/wp\/v2\/tags?post=256772"}],"curies":[{"name":"wp","href":"https:\/\/api.w.org\/{rel}","templated":true}]}}