{"id":256778,"date":"2022-05-08T13:00:46","date_gmt":"2022-05-08T11:00:46","guid":{"rendered":"https:\/\/zjarr.tv\/?p=256778"},"modified":"2022-05-08T13:00:46","modified_gmt":"2022-05-08T11:00:46","slug":"spak-jep-pretencen-per-dy-punonjeset-e-ishsh-kerkohet-2-vite-burg","status":"publish","type":"post","link":"https:\/\/zjarr.tv\/en\/spak-jep-pretencen-per-dy-punonjeset-e-ishsh-kerkohet-2-vite-burg\/","title":{"rendered":"SPAK jep pretenc\u00ebn p\u00ebr dy punonj\u00ebset e ISHSH, k\u00ebrkohet 2 vite burg"},"content":{"rendered":"<p>Prokuroria e Posa\u00e7me Kund\u00ebr Korrupsionit dhe Krimit t\u00eb Organizuar ka dh\u00ebn\u00eb pretenc\u00ebn p\u00ebr dy punonj\u00ebse te Inspektoratit Shtet\u00ebror Sh\u00ebndet\u00ebsor, t\u00eb hetuara p\u00ebr akuz\u00ebn e korrupsionit.<\/p>\n<p>SPAK k\u00ebrkon d\u00ebnimin me nga dy vite burg t\u00eb dy inspektoreve, Ornela Balla dhe Anda Mu\u00e7a me dyshimin e korrupsionit, dhe konvertimin e d\u00ebnimit me 4 vite sh\u00ebrbim prove. Gjithashtu SPAK k\u00ebrkoi d\u00ebnimin me 6 muaj burg p\u00ebr t\u00eb nj\u00ebjt\u00ebn akuz\u00eb t\u00eb qytetares Lirie Sada. Edhe p\u00ebr t\u00eb Prokuroria Posa\u00e7me k\u00ebrkoi pezullimin e d\u00ebnimit, dhe konvertimin me 1 vit n\u00eb sh\u00ebrbim prove. Hetimi p\u00ebr k\u00ebt\u00eb dosje, u finalizua n\u00eb vitin 2020 ku nga hetimet sipas SPAK \u00ebsht\u00eb treguar se dy inspektoret kan\u00eb marr\u00eb vlera monetare nga qytetarja Lirie Sada pasi kan\u00eb shkuar n\u00eb ambientet e subjektit t\u00eb saj p\u00ebr inspektim.<\/p>\n<p>SPAK thot\u00eb se Sada i ka hedhur n\u00eb makin\u00eb, nj\u00eb prej inspektoreve nj\u00eb sasi lek\u00ebsh. Prokuroria paraqiti si prova raport v\u00ebzhgimin e oficer\u00ebve dhe p\u00ebrgjime telefonike. N\u00eb seanc\u00ebn e ardhshme do t\u00eb jepnin konkluzionet e mbrojtjes e m\u00eb pas Gjykata do vendos\u00eb n\u00ebse do e pranoje apo jo k\u00ebrkes\u00ebn e SPAK.<\/p>","protected":false},"excerpt":{"rendered":"<p>Prokuroria e Posa\u00e7me Kund\u00ebr Korrupsionit dhe Krimit t\u00eb Organizuar ka dh\u00ebn\u00eb pretenc\u00ebn p\u00ebr dy punonj\u00ebse te Inspektoratit Shtet\u00ebror Sh\u00ebndet\u00ebsor, t\u00eb hetuara p\u00ebr akuz\u00ebn e korrupsionit. SPAK k\u00ebrkon d\u00ebnimin me nga dy vite burg t\u00eb dy inspektoreve, Ornela Balla dhe Anda Mu\u00e7a me dyshimin e korrupsionit, dhe konvertimin e d\u00ebnimit me 4 vite sh\u00ebrbim prove. Gjithashtu [&hellip;]<\/p>\n","protected":false},"author":2020,"featured_media":256779,"comment_status":"closed","ping_status":"closed","sticky":false,"template":"","format":"standard","meta":{"footnotes":""},"categories":[241,5380,231],"tags":[],"class_list":{"0":"post-256778","1":"post","2":"type-post","3":"status-publish","4":"format-standard","5":"has-post-thumbnail","7":"category-aktualitet","8":"category-kryesore","9":"category-lajme"},"_links":{"self":[{"href":"https:\/\/zjarr.tv\/en\/wp-json\/wp\/v2\/posts\/256778","targetHints":{"allow":["GET"]}}],"collection":[{"href":"https:\/\/zjarr.tv\/en\/wp-json\/wp\/v2\/posts"}],"about":[{"href":"https:\/\/zjarr.tv\/en\/wp-json\/wp\/v2\/types\/post"}],"author":[{"embeddable":true,"href":"https:\/\/zjarr.tv\/en\/wp-json\/wp\/v2\/users\/2020"}],"replies":[{"embeddable":true,"href":"https:\/\/zjarr.tv\/en\/wp-json\/wp\/v2\/comments?post=256778"}],"version-history":[{"count":0,"href":"https:\/\/zjarr.tv\/en\/wp-json\/wp\/v2\/posts\/256778\/revisions"}],"wp:featuredmedia":[{"embeddable":true,"href":"https:\/\/zjarr.tv\/en\/wp-json\/wp\/v2\/media\/256779"}],"wp:attachment":[{"href":"https:\/\/zjarr.tv\/en\/wp-json\/wp\/v2\/media?parent=256778"}],"wp:term":[{"taxonomy":"category","embeddable":true,"href":"https:\/\/zjarr.tv\/en\/wp-json\/wp\/v2\/categories?post=256778"},{"taxonomy":"post_tag","embeddable":true,"href":"https:\/\/zjarr.tv\/en\/wp-json\/wp\/v2\/tags?post=256778"}],"curies":[{"name":"wp","href":"https:\/\/api.w.org\/{rel}","templated":true}]}}