{"id":256781,"date":"2022-05-08T13:43:50","date_gmt":"2022-05-08T11:43:50","guid":{"rendered":"https:\/\/zjarr.tv\/?p=256781"},"modified":"2022-05-08T13:53:11","modified_gmt":"2022-05-08T11:53:11","slug":"po-kalonin-ne-vijat-e-bardha-makina-perplas-nenen-dhe-femijen-3-muajsh-shoferi-ia-mbath-me-vrap","status":"publish","type":"post","link":"https:\/\/zjarr.tv\/en\/po-kalonin-ne-vijat-e-bardha-makina-perplas-nenen-dhe-femijen-3-muajsh-shoferi-ia-mbath-me-vrap\/","title":{"rendered":"Po kalonin n\u00eb vijat e bardha\/ Makina p\u00ebrplas n\u00ebn\u00ebn dhe f\u00ebmij\u00ebn 3-muajsh, shoferi ia &#8216;mbath&#8217; me vrap"},"content":{"rendered":"<p>Nj\u00eb aksident ka ndodhur mesdit\u00ebne\u00a0 sotme te \u201crruga e Kavaj\u00ebs\u201d, n\u00eb af\u00ebrsi t\u00eb kompleksit Deliorgji, ku nj\u00eb makin\u00eb tip \u201cGL\u201d\u00a0 ka p\u00ebrplasur nj\u00eb \u00e7ift dhe f\u00ebmij\u00ebn e tyre q\u00eb ishte n\u00eb karroc\u00eb.<\/p>\n<p>P\u00ebr pasoj\u00eb mjeti ka humbur kontrollin dhe ka aksidentuar edhe disa persona t\u00eb tjer\u00eb, t\u00eb cil\u00ebt shihen t\u00eb shtrir\u00eb n\u00eb mes t\u00eb rrug\u00ebs.<\/p>\n<p>Drejtuesi i mjetit \u00ebsht\u00eb larguar nga vendngjarja, nd\u00ebrkoh\u00eb q\u00eb b\u00ebhet me dije se n\u00ebna ka mbetur e plagosur m\u00eb r\u00ebnd\u00eb.<\/p>\n<p>\u201cM\u00eb dat\u00eb 08.05.2022, n\u00eb Rrug\u00ebn e Kavaj\u00ebs, nj\u00eb mjet me drejtues ende t\u00eb paidentifikuar, ka p\u00ebrplasur shtetasit V. K., 43 vje\u00e7e, A. K., 48 vje\u00e7 dhe f\u00ebmij\u00ebn e tyre t\u00eb mitur 3 muajsh, t\u00eb cil\u00ebt si pasoj\u00eb jan\u00eb d\u00ebmtuar dhe ndodhen n\u00eb spital, n\u00ebn kujdesin e mjek\u00ebve. Drejtues i mjetit ka braktisur mjetin dhe \u00ebsht\u00eb larguar nga vendi ngjarjes. Grupi hetimor po punon p\u00ebr kapjen e autorit dhe sqarimin e rrethanave t\u00eb ngjarjes\u201d, njofton policia.<\/p>","protected":false},"excerpt":{"rendered":"<p>Nj\u00eb aksident ka ndodhur mesdit\u00ebne\u00a0 sotme te \u201crruga e Kavaj\u00ebs\u201d, n\u00eb af\u00ebrsi t\u00eb kompleksit Deliorgji, ku nj\u00eb makin\u00eb tip \u201cGL\u201d\u00a0 ka p\u00ebrplasur nj\u00eb \u00e7ift dhe f\u00ebmij\u00ebn e tyre q\u00eb ishte n\u00eb karroc\u00eb. P\u00ebr pasoj\u00eb mjeti ka humbur kontrollin dhe ka aksidentuar edhe disa persona t\u00eb tjer\u00eb, t\u00eb cil\u00ebt shihen t\u00eb shtrir\u00eb n\u00eb mes t\u00eb rrug\u00ebs. [&hellip;]<\/p>\n","protected":false},"author":2020,"featured_media":256782,"comment_status":"closed","ping_status":"closed","sticky":false,"template":"","format":"standard","meta":{"footnotes":""},"categories":[241,5380,231],"tags":[],"class_list":{"0":"post-256781","1":"post","2":"type-post","3":"status-publish","4":"format-standard","5":"has-post-thumbnail","7":"category-aktualitet","8":"category-kryesore","9":"category-lajme"},"_links":{"self":[{"href":"https:\/\/zjarr.tv\/en\/wp-json\/wp\/v2\/posts\/256781","targetHints":{"allow":["GET"]}}],"collection":[{"href":"https:\/\/zjarr.tv\/en\/wp-json\/wp\/v2\/posts"}],"about":[{"href":"https:\/\/zjarr.tv\/en\/wp-json\/wp\/v2\/types\/post"}],"author":[{"embeddable":true,"href":"https:\/\/zjarr.tv\/en\/wp-json\/wp\/v2\/users\/2020"}],"replies":[{"embeddable":true,"href":"https:\/\/zjarr.tv\/en\/wp-json\/wp\/v2\/comments?post=256781"}],"version-history":[{"count":0,"href":"https:\/\/zjarr.tv\/en\/wp-json\/wp\/v2\/posts\/256781\/revisions"}],"wp:featuredmedia":[{"embeddable":true,"href":"https:\/\/zjarr.tv\/en\/wp-json\/wp\/v2\/media\/256782"}],"wp:attachment":[{"href":"https:\/\/zjarr.tv\/en\/wp-json\/wp\/v2\/media?parent=256781"}],"wp:term":[{"taxonomy":"category","embeddable":true,"href":"https:\/\/zjarr.tv\/en\/wp-json\/wp\/v2\/categories?post=256781"},{"taxonomy":"post_tag","embeddable":true,"href":"https:\/\/zjarr.tv\/en\/wp-json\/wp\/v2\/tags?post=256781"}],"curies":[{"name":"wp","href":"https:\/\/api.w.org\/{rel}","templated":true}]}}