{"id":256784,"date":"2022-05-08T13:49:11","date_gmt":"2022-05-08T11:49:11","guid":{"rendered":"https:\/\/zjarr.tv\/?p=256784"},"modified":"2022-05-08T13:59:19","modified_gmt":"2022-05-08T11:59:19","slug":"berisha-reagon-serish-per-akuzat-e-rames-spak-u-atij-i-duket-si-porta-e-ferrit-ai-eshte-i-tmerruar-nga-une-saqe-rojet-edhe-gjate-dites","status":"publish","type":"post","link":"https:\/\/zjarr.tv\/en\/berisha-reagon-serish-per-akuzat-e-rames-spak-u-atij-i-duket-si-porta-e-ferrit-ai-eshte-i-tmerruar-nga-une-saqe-rojet-edhe-gjate-dites\/","title":{"rendered":"Berisha reagon s\u00ebrish p\u00ebr akuzat e Ram\u00ebs: SPAK-u atij i duket si porta e ferrit, ai \u00ebsht\u00eb i tmerruar nga un\u00eb saq\u00eb rojet edhe gjat\u00eb dit\u00ebs\u2026"},"content":{"rendered":"<p>Ish-kryeministri Sali Berisha ka reaguar edhe nj\u00eb her\u00eb tjet\u00ebr sulmet e kryeministrit Edi Rama ndaj SPAK dit\u00ebn e djeshme n\u00eb Asamblen\u00eb e PS. Berisha me an\u00eb t\u00eb nj\u00eb postimi t\u00eb gjat\u00eb n\u00eb rrjetet thot\u00eb se Ram\u00ebs i duket SPAK si dera e ferrit.\u00a0 Ai shkruan m\u00eb tej se Rama \u00ebsht\u00eb i frik\u00ebsuar pas tij dhe q\u00eb mbahet i izoluar n\u00eb \u00e7do form\u00eb.<\/p>\n<p>\u201cPor tmerri ndaj Berishes eshte po kaq i madh edhe gjate dites saqe rojet kane marre urdher te prere te mos e lejojne kurre te dale nga shtepia\u201d shkruan Berisha nd\u00ebr t\u00eb tjera.<\/p>\n<p>Postimi i plot\u00eb i Sali Berish\u00ebs:<\/p>\n<p>Nga Kongresi i lepurit ne bark tek Asambleja e tmerrit ne shpirt!<\/p>\n<p>Kreu i organizates kriminale Edi Rama ne panik dhe horror te madh.<\/p>\n<p>Firmat i duken hekura, sallat e takimeve i duken qeli!<\/p>\n<p>Punonjesit e Skapit te Partise i duken ushtare te Lu\u00e7iferit. Dera e SPKU-t i duket dera e ferrit!<\/p>\n<p>Perve\u00e7 fjalimit horror per SPAK-un ai si kurre ndonjehere me pare publikoi edhe 4 statuse ne rrjetet sociale kushtuar atij.<\/p>\n<p>Miq,\u00a0 Edi Rama i ngerthyer si kurre me pare nga Thanatos- Complex apo kompleksi i vdekjes, po jeton diten dhe naten ne boten e pertejme ne te cilen firmat per inceneratoret, Check-upin, Portin e Durresit e te gjitha PPP i shfaqen si hekura te renda jo vetem ne duar por edhe ne kembe.<\/p>\n<p>Porta e prokurorise se posa\u00e7me SPAK-ut i duket si porta e ferrit, punonjesit e personeli i kesaj prokurorie perfshi ketu edhe portierin i duken si gardian te Lu\u00e7iferit, sallat e mbledhjeve i duken qeli te zeza, Aga\u00e7i, Ahmetaj, Veliaj here i duken si Basha here tjeter si te penduar te drejtesise.<\/p>\n<p>Netet qe fjeti ne Dhermi klith ne kup te qiellit \u201cErdhi, erdhi, erdhi\u201d, fjala eshte per mua, te cilit ne nje ender e i dukem si Lu\u00e7iferi kurse ne nje tjeter i shfaqem si Anibali. Por tmerri ndaj Berishes eshte po kaq i madh edhe gjate dites saqe rojet kane marre urdher te prere te mos e lejojne kurre te dale nga shtepia pa pampers pasi po ti dale Berisha para ne rruge, ne palament apo gjetiu atij i ndodh ajo qe tashme eshte bere virale ne fotot e tij te njomura nen vete.<\/p>\n<p>Prandaj dhe ai ne \u00e7do ngjerje te madhe te partise se tij frymezohet vetem nga bota e pertejme ne te cilen ai gjallon<\/p>\n<p>Keshtu, ne Kongresin e fundit te PS, per te cilin analistet konstatuan se ne permbajtje ngjasonte shume me Kongresin e Cosa Nostras pasi u muar vetem me Skapin e Partise dhe Berishen, kundershtarin qe e tmerron. Ne nje status timin une e quajta thjesht Kongresi i lepurit ne ne bark te Edi Rames.<\/p>\n<p>Por makthi i Rames nga ligjet qe ka shkelmuar per te pasuruar veten ka kaluar nga lepur ne bark ne tmerr, horror te vertet ne shpirtin e tij. Ndaj dhe ai ne d\u00e8sarroi te vertet e shnderroi Asamblene e djeshme te PS ne asamble te tmerrit, horror qe ka pushtuar shpirtin e tij.<\/p>\n<p>Keshtu Rama ne Asamblene e narkopartise se tij teresisht i shperfytyruar i kushtoi gjysmen e fjalimit te tij Skapit te Partise ndaj te cilit beri kercenime asgjesuese ne rastse prokuroret tradhetar do te guxonin te imagjinonin e ndermerrnin veprime ndaj ministrave, Aga\u00e7io dhuratmadhit, Dvoranit te Partise dhe larg qofte vete atij.<\/p>\n<p>&nbsp;<\/p>\n<p>Ai e di mire se me firmat qe ka vendosur ne aferen e djegesave por dhe ne te gjitha PPP eshte dhe do jete dashi kurban i Skapit te Partise pasi te gjitha shkeljet\u00a0 ligjore kriminale te ministrave te tij e kane origjinen te firma e tij. Ai e di mire se hekurat ne duart e zyrtareve te tij sot jane hekura ne duart e ministrave, Aga\u00e7ios dhe vet atij!<\/p>\n<p>Ndaj dhe bertet korridoreve jashte kontrolli si Sa\u00e7i i bulevardit, te cilin e kishte mik, se nuk do lejoje kurre njeri qe ti permbyse qeverine. Miq,\u00a0 i sfazuar dhe ne koshmar te plote Rama dje ne asamblene e tij leshoi kushtrimin: Anibales ante portam, Anibali para portes apo Erdhi Berisha dhe i kerkoi perseri publikisht Spakut te Partise: me shpetoni nga Sali Berisha. Rama e ka kuptuar se loja me opoziten e emeruar prej tij, ABB Alibej-Bardhi, do te kete fundin e Bravo opozites dhe se me opoziten e vertet ai tashme eshte i pashprese! sb<\/p>","protected":false},"excerpt":{"rendered":"<p>Ish-kryeministri Sali Berisha ka reaguar edhe nj\u00eb her\u00eb tjet\u00ebr sulmet e kryeministrit Edi Rama ndaj SPAK dit\u00ebn e djeshme n\u00eb Asamblen\u00eb e PS. Berisha me an\u00eb t\u00eb nj\u00eb postimi t\u00eb gjat\u00eb n\u00eb rrjetet thot\u00eb se Ram\u00ebs i duket SPAK si dera e ferrit.\u00a0 Ai shkruan m\u00eb tej se Rama \u00ebsht\u00eb i frik\u00ebsuar pas tij dhe [&hellip;]<\/p>\n","protected":false},"author":2020,"featured_media":256785,"comment_status":"closed","ping_status":"closed","sticky":false,"template":"","format":"standard","meta":{"footnotes":""},"categories":[241,5380,231],"tags":[],"class_list":{"0":"post-256784","1":"post","2":"type-post","3":"status-publish","4":"format-standard","5":"has-post-thumbnail","7":"category-aktualitet","8":"category-kryesore","9":"category-lajme"},"_links":{"self":[{"href":"https:\/\/zjarr.tv\/en\/wp-json\/wp\/v2\/posts\/256784","targetHints":{"allow":["GET"]}}],"collection":[{"href":"https:\/\/zjarr.tv\/en\/wp-json\/wp\/v2\/posts"}],"about":[{"href":"https:\/\/zjarr.tv\/en\/wp-json\/wp\/v2\/types\/post"}],"author":[{"embeddable":true,"href":"https:\/\/zjarr.tv\/en\/wp-json\/wp\/v2\/users\/2020"}],"replies":[{"embeddable":true,"href":"https:\/\/zjarr.tv\/en\/wp-json\/wp\/v2\/comments?post=256784"}],"version-history":[{"count":0,"href":"https:\/\/zjarr.tv\/en\/wp-json\/wp\/v2\/posts\/256784\/revisions"}],"wp:featuredmedia":[{"embeddable":true,"href":"https:\/\/zjarr.tv\/en\/wp-json\/wp\/v2\/media\/256785"}],"wp:attachment":[{"href":"https:\/\/zjarr.tv\/en\/wp-json\/wp\/v2\/media?parent=256784"}],"wp:term":[{"taxonomy":"category","embeddable":true,"href":"https:\/\/zjarr.tv\/en\/wp-json\/wp\/v2\/categories?post=256784"},{"taxonomy":"post_tag","embeddable":true,"href":"https:\/\/zjarr.tv\/en\/wp-json\/wp\/v2\/tags?post=256784"}],"curies":[{"name":"wp","href":"https:\/\/api.w.org\/{rel}","templated":true}]}}