{"id":256791,"date":"2022-05-08T14:31:44","date_gmt":"2022-05-08T12:31:44","guid":{"rendered":"https:\/\/zjarr.tv\/?p=256791"},"modified":"2022-05-08T14:31:44","modified_gmt":"2022-05-08T12:31:44","slug":"dy-ekstradime-dhe-nje-hall-qe-as-spak-nuk-ia-zgjidh-dot","status":"publish","type":"post","link":"https:\/\/zjarr.tv\/en\/dy-ekstradime-dhe-nje-hall-qe-as-spak-nuk-ia-zgjidh-dot\/","title":{"rendered":"Dy ekstradime dhe nj\u00eb hall q\u00eb as SPAK nuk ia zgjidh dot!"},"content":{"rendered":"<p>Nga Gent Strazimiri\/<\/p>\n<p>U ekstraduan \u201cnga\u201d dhe \u201cp\u00ebr\u201d Shqip\u00ebri edhe 2 zyrtar\u00eb t\u00eb tjer\u00eb t\u00eb Edi Ram\u00ebs, t\u00eb k\u00ebrkuar nga Interpoli. I pari, drejtor i Uj\u00ebsjell\u00ebsit t\u00eb Bashkis\u00eb Kurbin, ekstraduar drejt Spanj\u00ebs p\u00ebr grabitje vilash me dhun\u00eb.<\/p>\n<p>I dyti, oficer i Gard\u00ebs s\u00eb Republik\u00ebs, ish- truproj\u00eb e Saimir Tahirit, nga Gjermania p\u00ebr n\u00eb Shqip\u00ebri, p\u00ebr trafik nd\u00ebrkomb\u00ebtar droge; T\u00eb dy t\u00eb pluri-denoncuar nga Sali Berisha n\u00eb vite, ekzakt\u00ebsisht p\u00ebr veprat penale p\u00ebr t\u00eb cilat u arrestuan sot.<\/p>\n<p>T\u00eb dy t\u00eb mbrojtur publikisht nga Edi Rama, duke p\u00ebrdorur fjal\u00ebt m\u00eb t\u00eb ulta ndaj denoncimeve t\u00eb Sali Berish\u00ebs. Paralelisht me k\u00ebto ekstradime, kryeministri i vendit m\u00eb t\u00eb korruptuar t\u00eb Evrop\u00ebs, nga podiumi i partis\u00eb s\u00eb tij, i jepte SPAK-ut urdhra specifik\u00eb se k\u00eb individ duhet t\u00eb hetoj\u00eb dhe hetimin p\u00ebr cilin individ duhet t\u00eb nd\u00ebrpres\u00eb.<\/p>\n<p>Edi Rama, kryeministri i kapur n\u00eb flagranc\u00eb dhe denoncuar publikisht me emra dhe ngjarje konkrete nga Sali Berisha, p\u00ebr kriminalizim t\u00eb parlamentit, bashkive, administrat\u00ebs publike, sot i k\u00ebrkoi SPAK-ut \u201cta shp\u00ebtoj\u00eb\u201d nga Sali Berisha.<\/p>\n<p>P\u00ebrgjigja e SPAK ishte sa e rrufeshme, aq dhe interesante:<\/p>\n<p>* nuk punojm\u00eb me deklarata politike, por me denoncime konkrete.<\/p>\n<p>Megjith\u00ebse SPAK \u00ebsht\u00eb produkt politik direkt i Edi Ram\u00ebs dhe bashk\u00ebpun\u00ebtor\u00ebve t\u00eb tij me apo pa imunitet diplomatik, tensioni mes tyre duket t\u00eb jet\u00eb n\u00eb nivele t\u00eb larta.<\/p>\n<p>Duket se SPAK nuk ka aspak nd\u00ebrmend t\u00eb sh\u00ebrbej\u00eb\u00a0 si \u201cbark\u00eb shp\u00ebtimi\u201d p\u00ebr kryeministrin, dhe kjo jo sepse \u00ebsht\u00eb i pavarur si\u00e7 e k\u00ebrkon ligji.<\/p>\n<p>Jo!<\/p>\n<p>N\u00ebse SPAK do ishte i pavarur, sot do i kishte kujtuar Kryetarit t\u00eb Partis\u00eb Socialiste, se \u201cintimidimi\u201d, \u201ckanosja\u201d apo \u201cushtrimi i ndikimit\u201d ndaj organeve t\u00eb drejt\u00ebsis\u00eb, \u00ebsht\u00eb vep\u00ebr penale, dhe se ai vet\u00eb \u00ebsht\u00eb subjekt potencial hetimi, thjesht dhe vet\u00ebm p\u00ebr faktin se \u00ebsht\u00eb kryeminist\u00ebr\u2026<\/p>\n<p>P\u00ebrgjigja sa nervoze, aq e rrufeshme e SPAK d\u00ebshmon se burgosja me urdh\u00ebr partie e pa prova, e kund\u00ebrshtar\u00ebve politik\u00eb, \u00ebsht\u00eb m\u00eb shum\u00eb se retorik\u00eb e Edi Ram\u00ebs. \u00cbsht\u00eb plan, projekt i tij si e vetmja m\u00ebnyr\u00eb p\u00ebr t\u00eb mbajtur i pasfiduar pushtetin q\u00eb nuk e mban dot me vot\u00ebn e popullit. Sot Edi Rama nuk sulmoi SPAK-un, por k\u00ebrc\u00ebnoi publikisht nj\u00eb shoq\u00ebri t\u00eb t\u00ebr\u00eb se hallin q\u00eb ka me shoq\u00ebrin\u00eb ka nd\u00ebr mend ta zgjidh\u00eb me burg, jo me vot\u00eb! Se ai q\u00eb i del p\u00ebrball\u00eb dhe e sfidon, p\u00ebrfundon n\u00eb burg. N\u00eb thelb, ky nuk \u00ebsht\u00eb lajm i keq!<\/p>","protected":false},"excerpt":{"rendered":"<p>Nga Gent Strazimiri\/ U ekstraduan \u201cnga\u201d dhe \u201cp\u00ebr\u201d Shqip\u00ebri edhe 2 zyrtar\u00eb t\u00eb tjer\u00eb t\u00eb Edi Ram\u00ebs, t\u00eb k\u00ebrkuar nga Interpoli. I pari, drejtor i Uj\u00ebsjell\u00ebsit t\u00eb Bashkis\u00eb Kurbin, ekstraduar drejt Spanj\u00ebs p\u00ebr grabitje vilash me dhun\u00eb. I dyti, oficer i Gard\u00ebs s\u00eb Republik\u00ebs, ish- truproj\u00eb e Saimir Tahirit, nga Gjermania p\u00ebr n\u00eb Shqip\u00ebri, p\u00ebr [&hellip;]<\/p>\n","protected":false},"author":2020,"featured_media":256792,"comment_status":"closed","ping_status":"closed","sticky":false,"template":"","format":"standard","meta":{"footnotes":""},"categories":[241,5380,231],"tags":[],"class_list":{"0":"post-256791","1":"post","2":"type-post","3":"status-publish","4":"format-standard","5":"has-post-thumbnail","7":"category-aktualitet","8":"category-kryesore","9":"category-lajme"},"_links":{"self":[{"href":"https:\/\/zjarr.tv\/en\/wp-json\/wp\/v2\/posts\/256791","targetHints":{"allow":["GET"]}}],"collection":[{"href":"https:\/\/zjarr.tv\/en\/wp-json\/wp\/v2\/posts"}],"about":[{"href":"https:\/\/zjarr.tv\/en\/wp-json\/wp\/v2\/types\/post"}],"author":[{"embeddable":true,"href":"https:\/\/zjarr.tv\/en\/wp-json\/wp\/v2\/users\/2020"}],"replies":[{"embeddable":true,"href":"https:\/\/zjarr.tv\/en\/wp-json\/wp\/v2\/comments?post=256791"}],"version-history":[{"count":0,"href":"https:\/\/zjarr.tv\/en\/wp-json\/wp\/v2\/posts\/256791\/revisions"}],"wp:featuredmedia":[{"embeddable":true,"href":"https:\/\/zjarr.tv\/en\/wp-json\/wp\/v2\/media\/256792"}],"wp:attachment":[{"href":"https:\/\/zjarr.tv\/en\/wp-json\/wp\/v2\/media?parent=256791"}],"wp:term":[{"taxonomy":"category","embeddable":true,"href":"https:\/\/zjarr.tv\/en\/wp-json\/wp\/v2\/categories?post=256791"},{"taxonomy":"post_tag","embeddable":true,"href":"https:\/\/zjarr.tv\/en\/wp-json\/wp\/v2\/tags?post=256791"}],"curies":[{"name":"wp","href":"https:\/\/api.w.org\/{rel}","templated":true}]}}